{"id":572246,"date":"2025-12-02T03:12:15","date_gmt":"2025-12-02T03:12:15","guid":{"rendered":"https:\/\/www.europesays.com\/fr\/572246\/"},"modified":"2025-12-02T03:12:15","modified_gmt":"2025-12-02T03:12:15","slug":"lukraine-et-leurope-font-front-commun-pour-amender-le-projet-de-paix-de-donald-trump","status":"publish","type":"post","link":"https:\/\/www.europesays.com\/fr\/572246\/","title":{"rendered":"L\u2019Ukraine et l\u2019Europe font front commun pour amender le projet de paix de Donald Trump"},"content":{"rendered":"<p>\n    <strong>D\u00c9CRYPTAGE &#8211; <\/strong>Volodymyr Zelensky \u00e9tait lundi \u00e0 Paris, o\u00f9 Emmanuel Macron et les Europ\u00e9ens lui ont r\u00e9affirm\u00e9 leur soutien, alors qu\u2019il est fragilis\u00e9 par une affaire de corruption.<\/p>\n<p class=\"fig-paragraph\">Pour sa dixi\u00e8me visite \u00e0 Paris depuis le d\u00e9but de la guerre,\u00a0<a href=\"http:\/\/www.lefigaro.fr\/international\/plan-de-paix-garanties-de-securite-corruption-ce-qu-il-faut-retenir-de-la-conference-de-presse-entre-emmanuel-macron-et-volodymyr-zelensky-20251201\" target=\"_blank\" data-fig-type=\"NewsFlash\" rel=\"noopener\" data-gtm-custom-categorie=\"navigation\" data-gtm-custom-action=\"crossclick\" data-gtm-custom-label=\"Contextuel\" data-gtm-event=\"customEventSPE\" data-fig-domain=\"LEFIGARO\">Volodymyr Zelensky<\/a>\u00a0est venu chercher le soutien des seuls alli\u00e9s qui lui restent, les Europ\u00e9ens.\u00a0<a href=\"http:\/\/www.lefigaro.fr\/international\/vladimir-poutine-se-rendra-en-visite-en-inde-les-4-et-5-decembre-annonce-le-kremlin-20251128\" target=\"_blank\" data-fig-type=\"NewsFlash\" rel=\"noopener\" data-gtm-custom-categorie=\"navigation\" data-gtm-custom-action=\"crossclick\" data-gtm-custom-label=\"Contextuel\" data-gtm-event=\"customEventSPE\" data-fig-domain=\"LEFIGARO\">Vladimir Poutine<\/a>\u00a0l\u2019a toujours consid\u00e9r\u00e9 comme un pr\u00e9sident \u00ab\u00a0ill\u00e9gitime\u00a0\u00bb, un usurpateur avec lequel il ne n\u00e9gociera jamais. Donald Trump le m\u00e9prise et le consid\u00e8re comme un \u00ab\u00a0emmerdeur\u00a0\u00bb, selon les mots d\u2019un diplomate proche du dossier, qui, en refusant de capituler, l\u2019emp\u00eache de conclure rapidement des accords commerciaux avec la Russie. Kiev, a d\u2019ailleurs rappel\u00e9 le pr\u00e9sident am\u00e9ricain, \u00ab\u00a0n\u2019est pas en position de force\u00a0\u00bb.<\/p>\n<p class=\"fig-paragraph\">L\u2019objectif de la visite est de r\u00e9affirmer la confiance que la France et l\u2019Europe lui portent \u00e0 un moment d\u00e9cisif de la guerre. \u00c0 Paris, on consid\u00e8re que m\u00eame affaibli par le\u00a0<a href=\"http:\/\/www.lefigaro.fr\/international\/perquisitions-anticorruption-en-ukraine-le-chef-de-cabinet-de-zelensky-a-remis-sa-demission-20251128\" target=\"_blank\" data-fig-type=\"NewsFlash\" rel=\"noopener\" data-gtm-custom-categorie=\"navigation\" data-gtm-custom-action=\"crossclick\" data-gtm-custom-label=\"Contextuel\" data-gtm-event=\"customEventSPE\" data-fig-domain=\"LEFIGARO\">scandale de corruption qui l\u2019a contraint \u00e0 se d\u00e9barrasser de son bras droit<\/a>, Volodymyr Zelensky a \u00ab\u00a0toute la l\u00e9gitimit\u00e9 pour conduire son pays vers la paix\u00a0\u00bb. Ensemble, Europ\u00e9ens et Ukrainiens ont un objectif\u00a0: sauver ce qui peut l\u2019\u00eatre\u2026<\/p>\n<p class=\"fig-premium-paywall__infos\">\n        Cet article est r\u00e9serv\u00e9 aux abonn\u00e9s.        Il vous reste 79% \u00e0 d\u00e9couvrir.\n    <\/p>\n<p>                <img  data- alt=\"Le Figaro\" class=\"fig-img--complete fig-img\"\/><\/p>\n<p class=\"fig-premium-paywall__title\">Vous avez envie de lire la suite ?<\/p>\n<p class=\"fig-premium-paywall__subtitle\">D\u00e9bloquez tous les articles imm\u00e9diatement.<\/p>\n<p class=\"fig-premium-paywall__connect\">\n                D\u00e9j\u00e0 abonn\u00e9\u00a0?                <a class=\"fig-premium-paywall__connect-link\" href=\"https:\/\/connect.lefigaro.fr\/login?client=horizon_web&amp;type=main&amp;redirect_uri=https%3A%2F%2Fwww.lefigaro.fr%2Finternational%2Fl-ukraine-et-l-europe-font-front-commun-pour-amender-le-projet-de-paix-de-donald-trump-20251201\" data-js-gtm=\"{&quot;customCategorie&quot;: &quot;conversion&quot;, &quot;customAction&quot;: &quot;before_Landing_Connexion_paywall_auto&quot;, &quot;customLabel&quot;: &quot;bGVmaWdhcm8uZnJfXzFmMGNlYzY1LTY0NmItNjBlZS1hYmNiLTI1OTc0YmEzNTc1Yl9fQXJ0aWNsZQ==_L\u2019Ukraine et l\u2019Europe font front commun pour amender le projet de paix de Donald Trump_414&quot;, &quot;customIDSPE&quot;: &quot;bGVmaWdhcm8uZnJfXzFmMGNlYzY1LTY0NmItNjBlZS1hYmNiLTI1OTc0YmEzNTc1Yl9fQXJ0aWNsZQ==&quot;, &quot;event&quot;: &quot;customEventSPE&quot;}\" target=\"_blank\" rel=\"noopener\"><br \/>\n                    Connectez-vous<br \/>\n                <\/a>\n            <\/p>\n","protected":false},"excerpt":{"rendered":"D\u00c9CRYPTAGE &#8211; Volodymyr Zelensky \u00e9tait lundi \u00e0 Paris, o\u00f9 Emmanuel Macron et les Europ\u00e9ens lui ont r\u00e9affirm\u00e9 leur&hellip;\n","protected":false},"author":2,"featured_media":572247,"comment_status":"","ping_status":"","sticky":false,"template":"","format":"standard","meta":{"footnotes":""},"categories":[2],"tags":[11,1073,1011,27,12,25,220,134],"class_list":{"0":"post-572246","1":"post","2":"type-post","3":"status-publish","4":"format-standard","5":"has-post-thumbnail","7":"category-actualites","8":"tag-actualites","9":"tag-emmanuel-macron","10":"tag-fr","11":"tag-france","12":"tag-news","13":"tag-republique-francaise","14":"tag-ukraine","15":"tag-volodymyr-zelensky"},"share_on_mastodon":{"url":"https:\/\/pubeurope.com\/@fr\/115647790860807366","error":""},"_links":{"self":[{"href":"https:\/\/www.europesays.com\/fr\/wp-json\/wp\/v2\/posts\/572246","targetHints":{"allow":["GET"]}}],"collection":[{"href":"https:\/\/www.europesays.com\/fr\/wp-json\/wp\/v2\/posts"}],"about":[{"href":"https:\/\/www.europesays.com\/fr\/wp-json\/wp\/v2\/types\/post"}],"author":[{"embeddable":true,"href":"https:\/\/www.europesays.com\/fr\/wp-json\/wp\/v2\/users\/2"}],"replies":[{"embeddable":true,"href":"https:\/\/www.europesays.com\/fr\/wp-json\/wp\/v2\/comments?post=572246"}],"version-history":[{"count":0,"href":"https:\/\/www.europesays.com\/fr\/wp-json\/wp\/v2\/posts\/572246\/revisions"}],"wp:featuredmedia":[{"embeddable":true,"href":"https:\/\/www.europesays.com\/fr\/wp-json\/wp\/v2\/media\/572247"}],"wp:attachment":[{"href":"https:\/\/www.europesays.com\/fr\/wp-json\/wp\/v2\/media?parent=572246"}],"wp:term":[{"taxonomy":"category","embeddable":true,"href":"https:\/\/www.europesays.com\/fr\/wp-json\/wp\/v2\/categories?post=572246"},{"taxonomy":"post_tag","embeddable":true,"href":"https:\/\/www.europesays.com\/fr\/wp-json\/wp\/v2\/tags?post=572246"}],"curies":[{"name":"wp","href":"https:\/\/api.w.org\/{rel}","templated":true}]}}