{"id":572248,"date":"2025-12-02T03:13:17","date_gmt":"2025-12-02T03:13:17","guid":{"rendered":"https:\/\/www.europesays.com\/fr\/572248\/"},"modified":"2025-12-02T03:13:17","modified_gmt":"2025-12-02T03:13:17","slug":"les-donnees-d16-million-de-jeunes-usagers-de-france-travail-susceptibles-detre-divulguees","status":"publish","type":"post","link":"https:\/\/www.europesays.com\/fr\/572248\/","title":{"rendered":"Les donn\u00e9es d\u20191,6\u00a0million de jeunes usagers de France Travail \u00ab\u00a0susceptibles d\u2019\u00eatre divulgu\u00e9es\u00a0\u00bb"},"content":{"rendered":"<p>Une op\u00e9ration d\u2019envergure. Les donn\u00e9es personnelles d\u2019environ 1,6\u00a0million de jeunes suivis par les missions locales pour les aider \u00e0 trouver un emploi \u00ab\u00a0sont susceptibles d\u2019\u00eatre divulgu\u00e9es\u00a0\u00bb \u00e0 la suite d\u2019un <a href=\"https:\/\/www.20minutes.fr\/dossier\/piratage\" class=\"c-link c-link--is-underlined\" target=\"_blank\" rel=\"noopener\">piratage <\/a>informatique, ont annonc\u00e9 lundi <a href=\"https:\/\/www.20minutes.fr\/societe\/france-travail\/\" class=\"c-link c-link--is-underlined\" target=\"_blank\" rel=\"noopener\">France Travail <\/a>et l\u2019Union nationale des missions locales (UNML).<\/p>\n<p>Les donn\u00e9es concern\u00e9es sont le nom et le pr\u00e9nom, la date de naissance, le num\u00e9ro de S\u00e9curit\u00e9 sociale, l\u2019identifiant France Travail, les adresses mail et postale, ainsi que le num\u00e9ro de <a href=\"https:\/\/www.20minutes.fr\/dossier\/telephone\" class=\"c-link c-link--is-underlined\" target=\"_blank\" rel=\"noopener\">t\u00e9l\u00e9phone<\/a>. \u00ab\u00a0Aucun mot de passe ni aucune coordonn\u00e9e bancaire n\u2019ont \u00e9t\u00e9 extraits\u00a0\u00bb, pr\u00e9cisent toutefois les deux organismes dans un communiqu\u00e9 conjoint.<\/p>\n<\/p>\n<p>\u00ab\u00a0Les premi\u00e8res investigations r\u00e9v\u00e8lent que le compte d\u2019un agent, responsable gestion de compte d\u2019une mission locale, a \u00e9t\u00e9 pirat\u00e9\u00a0\u00bb, d\u00e9taille le communiqu\u00e9 qui pr\u00e9cise que l\u2019attaquant a ensuite pu \u00ab\u00a0cr\u00e9er deux nouveaux comptes\u00a0\u00bb qui lui ont permis de consulter \u00ab\u00a0des dossiers des jeunes accompagn\u00e9s\u00a0\u00bb.<\/p>\n<p>Les personnes seront inform\u00e9es<\/p>\n<p>Il s\u2019agit de <a href=\"https:\/\/www.20minutes.fr\/magazine\/carte-Jeune-mag\/\" class=\"c-link c-link--is-underlined\" target=\"_blank\" rel=\"noopener\">jeunes <\/a>inscrits \u00e0 France Travail ou \u00e0 qui on avait recommand\u00e9 une formation via l\u2019outil Ouiform op\u00e9r\u00e9 par cet organisme. \u00ab\u00a0Les personnes concern\u00e9es seront inform\u00e9es et nous leur recommandons d\u00e8s maintenant de faire preuve de la plus grande vigilance face aux tentatives d\u2019hame\u00e7onnage (mails ou appels frauduleux) ou d\u2019usurpation d\u2019identit\u00e9 et de ne jamais communiquer leur mot de passe ou leurs coordonn\u00e9es bancaires par t\u00e9l\u00e9phone ou par mail\u00a0\u00bb, selon le communiqu\u00e9, qui ajoute que \u00ab\u00a0France Travail comme les autres organismes publics ne le demandent jamais\u00a0\u00bb.<\/p>\n<p>L\u2019incident a \u00e9t\u00e9 signal\u00e9 \u00e0 l\u2019Agence nationale de la s\u00e9curit\u00e9 des syst\u00e8mes d\u2019information (Anssi) et \u00e0 la Commission nationale de l\u2019informatique et des libert\u00e9s (Cnil). Le 14 novembre, le service Pajemploi servant \u00e0 d\u00e9clarer les assistants maternels et gardes d\u2019enfants \u00e0 domicile avait \u00e9t\u00e9 victime d\u2019un vol de donn\u00e9es qui a pu concerner jusqu\u2019\u00e0 1,2\u00a0million de personnes.<\/p>\n","protected":false},"excerpt":{"rendered":"Une op\u00e9ration d\u2019envergure. Les donn\u00e9es personnelles d\u2019environ 1,6\u00a0million de jeunes suivis par les missions locales pour les aider&hellip;\n","protected":false},"author":2,"featured_media":572249,"comment_status":"","ping_status":"","sticky":false,"template":"","format":"standard","meta":{"footnotes":""},"categories":[2],"tags":[47,11,9233,1011,27,530,311,12,16421,25,104,56932],"class_list":{"0":"post-572248","1":"post","2":"type-post","3":"status-publish","4":"format-standard","5":"has-post-thumbnail","7":"category-actualites","8":"tag-actualite","9":"tag-actualites","10":"tag-cnil","11":"tag-fr","12":"tag-france","13":"tag-france-travail","14":"tag-informatique","15":"tag-news","16":"tag-piratage","17":"tag-republique-francaise","18":"tag-societe","19":"tag-virus-informatique"},"share_on_mastodon":{"url":"https:\/\/pubeurope.com\/@fr\/115647794695944666","error":""},"_links":{"self":[{"href":"https:\/\/www.europesays.com\/fr\/wp-json\/wp\/v2\/posts\/572248","targetHints":{"allow":["GET"]}}],"collection":[{"href":"https:\/\/www.europesays.com\/fr\/wp-json\/wp\/v2\/posts"}],"about":[{"href":"https:\/\/www.europesays.com\/fr\/wp-json\/wp\/v2\/types\/post"}],"author":[{"embeddable":true,"href":"https:\/\/www.europesays.com\/fr\/wp-json\/wp\/v2\/users\/2"}],"replies":[{"embeddable":true,"href":"https:\/\/www.europesays.com\/fr\/wp-json\/wp\/v2\/comments?post=572248"}],"version-history":[{"count":0,"href":"https:\/\/www.europesays.com\/fr\/wp-json\/wp\/v2\/posts\/572248\/revisions"}],"wp:featuredmedia":[{"embeddable":true,"href":"https:\/\/www.europesays.com\/fr\/wp-json\/wp\/v2\/media\/572249"}],"wp:attachment":[{"href":"https:\/\/www.europesays.com\/fr\/wp-json\/wp\/v2\/media?parent=572248"}],"wp:term":[{"taxonomy":"category","embeddable":true,"href":"https:\/\/www.europesays.com\/fr\/wp-json\/wp\/v2\/categories?post=572248"},{"taxonomy":"post_tag","embeddable":true,"href":"https:\/\/www.europesays.com\/fr\/wp-json\/wp\/v2\/tags?post=572248"}],"curies":[{"name":"wp","href":"https:\/\/api.w.org\/{rel}","templated":true}]}}