{"id":572250,"date":"2025-12-02T03:14:29","date_gmt":"2025-12-02T03:14:29","guid":{"rendered":"https:\/\/www.europesays.com\/fr\/572250\/"},"modified":"2025-12-02T03:14:29","modified_gmt":"2025-12-02T03:14:29","slug":"trois-clubs-accueilleront-des-clubs-de-ligue-1-en-32eme-de-finale-le-week-end-des-20-et-21-decembre-le-psg-pour-fontenay-le-comte","status":"publish","type":"post","link":"https:\/\/www.europesays.com\/fr\/572250\/","title":{"rendered":"trois clubs accueilleront des clubs de Ligue 1 en 32\u00e8me de finale le week-end des 20 et 21 d\u00e9cembre. Le PSG pour Fontenay-le-Comte."},"content":{"rendered":"<p><img decoding=\"async\" class=\"\" style=\"width:100%;max-width:100%\" src=\"https:\/\/www.europesays.com\/fr\/wp-content\/uploads\/2025\/12\/foot1679469279373_format16by91764618705860-format16by9.webp.webp\" alt=\"Tirage in\u00e9dit en Coupe de France de football\"\/><\/p>\n<p>Tirage in\u00e9dit en Coupe de France de football<\/p>\n<p>Cr\u00e9dit : Cr\u00e9dit : DR | Pixabay<\/p>\n<p>C\u2019est in\u00e9dit dans l\u2019histoire de la <strong>Coupe de France de football et dans celle du football vend\u00e9en.<\/strong> Les trois clubs de Vend\u00e9e qualifi\u00e9s pour le 9\u00e8me tour de la Coupe de France affronteront trois clubs de Ligue 1, dont deux autres clubs de l\u2019Ouest.<\/p>\n<p><strong>Les Sables VF accueilleront Rennes,<\/strong> actuel 5\u00e8me du classement de Ligue 1. <strong>Vend\u00e9e les Herbiers Football recevra le voisin angevin, Angers SCO.<\/strong> Quant au <strong>Vend\u00e9e Fontenay Foot, le club du sud-Vend\u00e9e jouera contre le champion d\u2019Europe parisien.<\/strong> Quatre divisions s\u00e9parent le PSG du VF Fontenay.<\/p>\n<p>\u00a0<\/p>\n<p>Quelles dates et quels terrains\u00a0?<\/p>\n<p>Pour les trois clubs vend\u00e9ens les matchs devront se jouer \u00ab\u00e0 domicile\u00a0\u00bb. Mais o\u00f9 et quand\u00a0? Les rencontres devront se jouer le week-end \u00a0des 20 et 21 d\u00e9cembre, donc possiblement le vendredi, le samedi et le dimanche. Quant \u00e0 la question de savoir si les matchs se disputeront \u00e0 Fontenay-le-Comte, aux Sables-d\u2019Olonne et aux Herbiers, cela se d\u00e9cidera ces prochains jours. <strong>Des matchs peuvent se disputer \u00e0 la Roche-sur-Yon au stade Henri Desgranges.<\/strong><\/p>\n<p>On se souvient par ailleurs qu\u2019en quart de finale de la Coupe de France 2018, <strong>les Herbiers avaient affront\u00e9 Lens \u00e0 Nantes au stade de la Beaujoire<\/strong><\/p>\n<p>\u00a0<\/p>\n<p>D\u2019autres matchs entre clubs du Grand Ouest<\/p>\n<p><strong>Nantes <\/strong>justement jouera les 32\u00e8me de finale dans le <strong>Finist\u00e8re \u00e0 Concarneau. P\u00e9rigny accueillera Le Mans, Brest ira jouer \u00e0 Avranches<\/strong> alors que le match <strong>Guingamp\/Laval se jouera dans les C\u00f4tes d\u2019Armor.<\/strong><\/p>\n","protected":false},"excerpt":{"rendered":"Tirage in\u00e9dit en Coupe de France de football Cr\u00e9dit : Cr\u00e9dit : DR | Pixabay C\u2019est in\u00e9dit dans&hellip;\n","protected":false},"author":2,"featured_media":572251,"comment_status":"","ping_status":"","sticky":false,"template":"","format":"standard","meta":{"footnotes":""},"categories":[4],"tags":[11,83,21660,63,1011,27,42256,27489,12,25],"class_list":{"0":"post-572250","1":"post","2":"type-post","3":"status-publish","4":"format-standard","5":"has-post-thumbnail","7":"category-france","8":"tag-actualites","9":"tag-coupe-de-france","10":"tag-fontenay","11":"tag-football","12":"tag-fr","13":"tag-france","14":"tag-les-herbiers","15":"tag-les-sables-dolonne","16":"tag-news","17":"tag-republique-francaise"},"share_on_mastodon":{"url":"https:\/\/pubeurope.com\/@fr\/115647799266910217","error":""},"_links":{"self":[{"href":"https:\/\/www.europesays.com\/fr\/wp-json\/wp\/v2\/posts\/572250","targetHints":{"allow":["GET"]}}],"collection":[{"href":"https:\/\/www.europesays.com\/fr\/wp-json\/wp\/v2\/posts"}],"about":[{"href":"https:\/\/www.europesays.com\/fr\/wp-json\/wp\/v2\/types\/post"}],"author":[{"embeddable":true,"href":"https:\/\/www.europesays.com\/fr\/wp-json\/wp\/v2\/users\/2"}],"replies":[{"embeddable":true,"href":"https:\/\/www.europesays.com\/fr\/wp-json\/wp\/v2\/comments?post=572250"}],"version-history":[{"count":0,"href":"https:\/\/www.europesays.com\/fr\/wp-json\/wp\/v2\/posts\/572250\/revisions"}],"wp:featuredmedia":[{"embeddable":true,"href":"https:\/\/www.europesays.com\/fr\/wp-json\/wp\/v2\/media\/572251"}],"wp:attachment":[{"href":"https:\/\/www.europesays.com\/fr\/wp-json\/wp\/v2\/media?parent=572250"}],"wp:term":[{"taxonomy":"category","embeddable":true,"href":"https:\/\/www.europesays.com\/fr\/wp-json\/wp\/v2\/categories?post=572250"},{"taxonomy":"post_tag","embeddable":true,"href":"https:\/\/www.europesays.com\/fr\/wp-json\/wp\/v2\/tags?post=572250"}],"curies":[{"name":"wp","href":"https:\/\/api.w.org\/{rel}","templated":true}]}}