{"id":572260,"date":"2025-12-02T03:23:18","date_gmt":"2025-12-02T03:23:18","guid":{"rendered":"https:\/\/www.europesays.com\/fr\/572260\/"},"modified":"2025-12-02T03:23:18","modified_gmt":"2025-12-02T03:23:18","slug":"un-joueur-balance-sur-luis-enrique","status":"publish","type":"post","link":"https:\/\/www.europesays.com\/fr\/572260\/","title":{"rendered":"Un joueur balance sur Luis Enrique"},"content":{"rendered":"<p><b>Marco Asensio n&rsquo;est plus un joueur du PSG depuis l&rsquo;\u00e9t\u00e9 dernier. L&rsquo;Espagnol aurait aim\u00e9 que les choses se finissent diff\u00e9remment avec le club de la capitale fran\u00e7aise. <\/b><\/p>\n<p>Le Paris Saint-Germain a r\u00e9cemment fait partir de nombreux joueurs de son effectif. Luis Enrique voulait un groupe de joueurs r\u00e9duit. Ainsi, Marco Asensio a \u00e9t\u00e9 pouss\u00e9 vers la sortie. L&rsquo;Espagnol a dans un premier temps \u00e9t\u00e9 pr\u00eat\u00e9 \u00e0 Aston Villa avant de partir d\u00e9finitivement du c\u00f4t\u00e9 de Fenerbahce l&rsquo;\u00e9t\u00e9 pass\u00e9. L&rsquo;ancien du Real Madrid veut avant tout reprendre du plaisir et se sentir important dans une \u00e9quipe. Au <a href=\"https:\/\/www.foot01.com\/paris\/le-psg-cest-au-parc-la-promesse-dun-candidat-a-la-mairie-de-paris\" target=\"_self\" rel=\"noopener\">PSG<\/a>, Marco Asensio a tr\u00e8s bien commenc\u00e9 son aventure avant de peu \u00e0 peu perdre du cr\u00e9dit aux yeux de Luis Enrique. Et il a toujours du mal \u00e0 comprendre la raison&#8230;Asensio n&rsquo;a pas dig\u00e9r\u00e9 son d\u00e9part du PSG\u00a0<\/p>\n<p>Lors d&rsquo;une interview accord\u00e9e \u00e0 Marca, le joueur de 29 ans a en effet indiqu\u00e9 concernant son d\u00e9part du PSG et sa mise \u00e0 l&rsquo;\u00e9cart par Enrique : \u00ab Du jour au lendemain, je suis tomb\u00e9 en disgr\u00e2ce aupr\u00e8s de l&rsquo;entra\u00eeneur. (&#8230;) Honn\u00eatement, \u00e0 ma connaissance, il ne s&rsquo;est rien pass\u00e9. Peut-\u00eatre que lui pourra r\u00e9pondre \u00e0 cette question.\u00a0Je connais tr\u00e8s bien Luis Enrique. (&#8230;) Je ne veux pas le prendre personnellement, car c&rsquo;est d\u00e9j\u00e0 arriv\u00e9 avec d&rsquo;autres joueurs, des membres de son staff.\u00a0C&rsquo;est le genre de personne \u00e0 agir ainsi et je n&rsquo;en dirai pas plus. Pour ma part, je ne lui en tiens pas rigueur. Ce sont des choses qui peuvent arriver dans le monde du football professionnel, c&rsquo;est tout \u00bb.\u00a0<\/p>\n<p>Marco Asensio a donc d\u00e9cid\u00e9 de continuer sa carri\u00e8re en Turquie. Il esp\u00e8re se mettre suffisamment en valeur pour avoir une chance de prendre part \u00e0 la Coupe du monde 2026 avec l&rsquo;Espagne. Mais rien n&rsquo;est gagn\u00e9 pour lui \u00e0 l&rsquo;heure actuelle. De son c\u00f4t\u00e9, Luis Enrique poursuit son chemin au PSG, quitte \u00e0 se faire des ennemis. R\u00e9cemment, c&rsquo;est aussi Gianluigi Donnarumma qui partait en froid avec l&rsquo;ancien du Bar\u00e7a.<\/p>\n","protected":false},"excerpt":{"rendered":"Marco Asensio n&rsquo;est plus un joueur du PSG depuis l&rsquo;\u00e9t\u00e9 dernier. L&rsquo;Espagnol aurait aim\u00e9 que les choses se&hellip;\n","protected":false},"author":2,"featured_media":572261,"comment_status":"","ping_status":"","sticky":false,"template":"","format":"standard","meta":{"footnotes":""},"categories":[1410],"tags":[63,1011,27,1434,93,60],"class_list":{"0":"post-572260","1":"post","2":"type-post","3":"status-publish","4":"format-standard","5":"has-post-thumbnail","7":"category-football","8":"tag-football","9":"tag-fr","10":"tag-france","11":"tag-mercato","12":"tag-psg","13":"tag-sports"},"share_on_mastodon":{"url":"https:\/\/pubeurope.com\/@fr\/115647833987387337","error":""},"_links":{"self":[{"href":"https:\/\/www.europesays.com\/fr\/wp-json\/wp\/v2\/posts\/572260","targetHints":{"allow":["GET"]}}],"collection":[{"href":"https:\/\/www.europesays.com\/fr\/wp-json\/wp\/v2\/posts"}],"about":[{"href":"https:\/\/www.europesays.com\/fr\/wp-json\/wp\/v2\/types\/post"}],"author":[{"embeddable":true,"href":"https:\/\/www.europesays.com\/fr\/wp-json\/wp\/v2\/users\/2"}],"replies":[{"embeddable":true,"href":"https:\/\/www.europesays.com\/fr\/wp-json\/wp\/v2\/comments?post=572260"}],"version-history":[{"count":0,"href":"https:\/\/www.europesays.com\/fr\/wp-json\/wp\/v2\/posts\/572260\/revisions"}],"wp:featuredmedia":[{"embeddable":true,"href":"https:\/\/www.europesays.com\/fr\/wp-json\/wp\/v2\/media\/572261"}],"wp:attachment":[{"href":"https:\/\/www.europesays.com\/fr\/wp-json\/wp\/v2\/media?parent=572260"}],"wp:term":[{"taxonomy":"category","embeddable":true,"href":"https:\/\/www.europesays.com\/fr\/wp-json\/wp\/v2\/categories?post=572260"},{"taxonomy":"post_tag","embeddable":true,"href":"https:\/\/www.europesays.com\/fr\/wp-json\/wp\/v2\/tags?post=572260"}],"curies":[{"name":"wp","href":"https:\/\/api.w.org\/{rel}","templated":true}]}}