{"id":572262,"date":"2025-12-02T03:24:15","date_gmt":"2025-12-02T03:24:15","guid":{"rendered":"https:\/\/www.europesays.com\/fr\/572262\/"},"modified":"2025-12-02T03:24:15","modified_gmt":"2025-12-02T03:24:15","slug":"le-domicile-parisien-de-francois-hollande-et-julie-gayet-cambriole-deux-hommes-ont-ete-mis-en-examen-et-places-en-detention-provisoire","status":"publish","type":"post","link":"https:\/\/www.europesays.com\/fr\/572262\/","title":{"rendered":"Le domicile parisien de Fran\u00e7ois Hollande et Julie Gayet cambriol\u00e9 &#8211; Deux hommes ont \u00e9t\u00e9 mis en examen et plac\u00e9s en d\u00e9tention provisoire"},"content":{"rendered":"<p>Le 22 novembre dernier, le domicile parisien de Fran\u00e7ois Hollande et Julie Gayet a \u00e9t\u00e9 la cible d&rsquo;un cambriolage. Selon <a href=\"https:\/\/www.bfmtv.com\/police-justice\/info-bfmtv-francois-hollande-victime-d-un-cambriolage-deux-hommes-mis-en-examen-et-places-en-detention-provisoire_AN-202512010858.html\" target=\"_blank\" rel=\"noopener\">BFM TV<\/a>, deux hommes ont \u00e9t\u00e9 interpell\u00e9s et ont \u00e9t\u00e9 mis en examen pour vol en bande organis\u00e9e.<\/p>\n<p>Lors de ce cambriolage, une montre a notamment \u00e9t\u00e9 d\u00e9rob\u00e9e.<\/p>\n<p>Le parquet de Paris confirme que les policiers du 2e district de police judiciaire \u00ab\u00a0ont r\u00e9ussi \u00e0 remonter la trace des voleurs pr\u00e9sum\u00e9s et ils ont \u00e9t\u00e9 interpell\u00e9s\u00a0\u00bb.<\/p>\n<p>Et de pr\u00e9ciser qu&rsquo;il s&rsquo;agit de\u00a0deux hommes, n\u00e9s en Alg\u00e9rie en 1994 et en 1995. Ils ont \u00e9t\u00e9 mis en examen pour vol en bande organis\u00e9e et plac\u00e9s en d\u00e9tention provisoire le 28 novembre.<\/p>\n<p>De plus, lors d&rsquo;une perquisition, l\u00a0\u00bbes policiers ont retrouv\u00e9 la montre d\u00e9rob\u00e9e et l&rsquo;ont remis \u00e0 l&rsquo;ancien chef de l&rsquo;\u00c9tat.\u00a0\u00bb<\/p>\n","protected":false},"excerpt":{"rendered":"Le 22 novembre dernier, le domicile parisien de Fran\u00e7ois Hollande et Julie Gayet a \u00e9t\u00e9 la cible d&rsquo;un&hellip;\n","protected":false},"author":2,"featured_media":572263,"comment_status":"","ping_status":"","sticky":false,"template":"","format":"standard","meta":{"footnotes":""},"categories":[1359],"tags":[1174,58,59,1011,27,68704,54186,973],"class_list":{"0":"post-572262","1":"post","2":"type-post","3":"status-publish","4":"format-standard","5":"has-post-thumbnail","7":"category-people","8":"tag-cambriolage","9":"tag-divertissement","10":"tag-entertainment","11":"tag-fr","12":"tag-france","13":"tag-franu00e7ois-hollande","14":"tag-julie-gayet","15":"tag-people"},"share_on_mastodon":{"url":"https:\/\/pubeurope.com\/@fr\/115647837960912387","error":""},"_links":{"self":[{"href":"https:\/\/www.europesays.com\/fr\/wp-json\/wp\/v2\/posts\/572262","targetHints":{"allow":["GET"]}}],"collection":[{"href":"https:\/\/www.europesays.com\/fr\/wp-json\/wp\/v2\/posts"}],"about":[{"href":"https:\/\/www.europesays.com\/fr\/wp-json\/wp\/v2\/types\/post"}],"author":[{"embeddable":true,"href":"https:\/\/www.europesays.com\/fr\/wp-json\/wp\/v2\/users\/2"}],"replies":[{"embeddable":true,"href":"https:\/\/www.europesays.com\/fr\/wp-json\/wp\/v2\/comments?post=572262"}],"version-history":[{"count":0,"href":"https:\/\/www.europesays.com\/fr\/wp-json\/wp\/v2\/posts\/572262\/revisions"}],"wp:featuredmedia":[{"embeddable":true,"href":"https:\/\/www.europesays.com\/fr\/wp-json\/wp\/v2\/media\/572263"}],"wp:attachment":[{"href":"https:\/\/www.europesays.com\/fr\/wp-json\/wp\/v2\/media?parent=572262"}],"wp:term":[{"taxonomy":"category","embeddable":true,"href":"https:\/\/www.europesays.com\/fr\/wp-json\/wp\/v2\/categories?post=572262"},{"taxonomy":"post_tag","embeddable":true,"href":"https:\/\/www.europesays.com\/fr\/wp-json\/wp\/v2\/tags?post=572262"}],"curies":[{"name":"wp","href":"https:\/\/api.w.org\/{rel}","templated":true}]}}