{"id":572266,"date":"2025-12-02T03:27:29","date_gmt":"2025-12-02T03:27:29","guid":{"rendered":"https:\/\/www.europesays.com\/fr\/572266\/"},"modified":"2025-12-02T03:27:29","modified_gmt":"2025-12-02T03:27:29","slug":"edition-du-lundi-1-decembre-2025-en-replay-journal-20h00-france-tv","status":"publish","type":"post","link":"https:\/\/www.europesays.com\/fr\/572266\/","title":{"rendered":"\u00c9dition du lundi 1 d\u00e9cembre 2025 en replay &#8211; Journal 20h00 &#8211; France TV"},"content":{"rendered":"<ol>\n<li><a href=\"https:\/\/news.google.com\/rss\/articles\/CBMilAFBVV95cUxQTWt2MzRwamlwbFNqelQtQ3VyU3FqZVVSVWRqS1BuYkd5bGNNdGdXdGtiNktrQVEzb251c2tHZFd0NHFLOFk0bXNVNmxrWVVMNUJRenNCSENfbjVXMU5LX21NVUtuclhhUU1aMXRsOGZJUTgxNy1rSjBoQ2RBQldMMnY5T2FQRTdWT2lleVZVSWV1Q3Jf?oc=5\" target=\"_blank\" rel=\"noopener\">\u00c9dition du lundi 1 d\u00e9cembre 2025 en replay &#8211; Journal 20h00<\/a>&nbsp;&nbsp;France TV<\/li>\n<li><a href=\"https:\/\/news.google.com\/rss\/articles\/CBMiYEFVX3lxTFB1S0M1emo3XzJoS3JlM1BtQktoZ1dvVWFnQ0p2dkV1RExRcmVIU01QN1RITWhIWTRHV2N3VXVEUE9DNktWUGNXVDBWbG1veXlMV25kb1VobU5vVy1IZlBySA?oc=5\" target=\"_blank\" rel=\"noopener\">Les articles du lundi 01 d\u00e9cembre 2025<\/a>&nbsp;&nbsp;Le Parisien<\/li>\n<li><a href=\"https:\/\/news.google.com\/rss\/articles\/CBMitgFBVV95cUxOWjJkby02eFE0SWg2cllsMl9MeF8xYld4NXFoQUZBLWY2NWxEdTdMZEpCYXZ6SXF5cU5pZjJsNlBBamZEcXBQMEg1bnVQSkI1V2t5d2RjRnZ5cUtJNFdnaVNwdGJENFQ1MkVtanZnUC1Ub2RoMk5hTlY5a3ZnckdnVEd1OXpMMHc4NEk2NWo2cG4ySWt3dHM0TXZTWVc2ZVE3NjJXNVBOSFpQcE94VmhYdEQ4SnRHUQ?oc=5\" target=\"_blank\" rel=\"noopener\">La matinale du lundi 1 d\u00e9cembre 2025<\/a>&nbsp;&nbsp;Franceinfo<\/li>\n<li><a href=\"https:\/\/news.google.com\/rss\/articles\/CBMiswFBVV95cUxONDNYeG1uUlIwMXloLXU2QlFwRTZFQ1JEek9IRG5wdTU2VEZwY3RhUEMyd2VKQ3pZOUp0U3AyOU5yb3hNb3QtZmRzOGM1Y2loNDFzMmtQVG55aVZrM2ZSc1kwYWhkZ1Z2RXFuaGp5SVpZSjI3MjZ6cE1wMGFic2drOFQ1WW1LcE1vaUVIUGpfVHZqYldpX00yTFcwVWc5RUN3N19OWGxCcF9JazJscXBlQXlUbw?oc=5\" target=\"_blank\" rel=\"noopener\">\u00c9mission du lundi 1 d\u00e9cembre 2025 en replay &#8211; Tout le monde veut prendre sa place<\/a>&nbsp;&nbsp;France TV<\/li>\n<li><a href=\"https:\/\/news.google.com\/rss\/articles\/CBMikAFBVV95cUxOTF9Vei1Ic2lfbm5yU285Qk5kUlgxUkJ6bGZUUFN6TjlDNVRCODJQSzdzckFtMGliT0VCSERjaHY2TVNTcjAzXzNvQjBPRnhoeUVGRl9ESHhZSkNDQU55RWNmNS01MWM2Z1ZiVFNOb1I2WDlJNEJYREdwVWZtUVpkdGZyU1huZjZ3NHZLRFYwRkk?oc=5\" target=\"_blank\" rel=\"noopener\">\u00c9mission du lundi 1 d\u00e9cembre 2025 en replay &#8211; T\u00e9l\u00e9matin<\/a>&nbsp;&nbsp;France TV<\/li>\n<\/ol>\n","protected":false},"excerpt":{"rendered":"\u00c9dition du lundi 1 d\u00e9cembre 2025 en replay &#8211; Journal 20h00&nbsp;&nbsp;France TV Les articles du lundi 01 d\u00e9cembre&hellip;\n","protected":false},"author":2,"featured_media":572267,"comment_status":"","ping_status":"","sticky":false,"template":"","format":"standard","meta":{"footnotes":""},"categories":[1356],"tags":[58,59,1011,27,252,1364],"class_list":{"0":"post-572266","1":"post","2":"type-post","3":"status-publish","4":"format-standard","5":"has-post-thumbnail","7":"category-television","8":"tag-divertissement","9":"tag-entertainment","10":"tag-fr","11":"tag-france","12":"tag-television","13":"tag-tv"},"share_on_mastodon":{"url":"https:\/\/pubeurope.com\/@fr\/115647849643476061","error":""},"_links":{"self":[{"href":"https:\/\/www.europesays.com\/fr\/wp-json\/wp\/v2\/posts\/572266","targetHints":{"allow":["GET"]}}],"collection":[{"href":"https:\/\/www.europesays.com\/fr\/wp-json\/wp\/v2\/posts"}],"about":[{"href":"https:\/\/www.europesays.com\/fr\/wp-json\/wp\/v2\/types\/post"}],"author":[{"embeddable":true,"href":"https:\/\/www.europesays.com\/fr\/wp-json\/wp\/v2\/users\/2"}],"replies":[{"embeddable":true,"href":"https:\/\/www.europesays.com\/fr\/wp-json\/wp\/v2\/comments?post=572266"}],"version-history":[{"count":0,"href":"https:\/\/www.europesays.com\/fr\/wp-json\/wp\/v2\/posts\/572266\/revisions"}],"wp:featuredmedia":[{"embeddable":true,"href":"https:\/\/www.europesays.com\/fr\/wp-json\/wp\/v2\/media\/572267"}],"wp:attachment":[{"href":"https:\/\/www.europesays.com\/fr\/wp-json\/wp\/v2\/media?parent=572266"}],"wp:term":[{"taxonomy":"category","embeddable":true,"href":"https:\/\/www.europesays.com\/fr\/wp-json\/wp\/v2\/categories?post=572266"},{"taxonomy":"post_tag","embeddable":true,"href":"https:\/\/www.europesays.com\/fr\/wp-json\/wp\/v2\/tags?post=572266"}],"curies":[{"name":"wp","href":"https:\/\/api.w.org\/{rel}","templated":true}]}}