{"id":572268,"date":"2025-12-02T03:28:24","date_gmt":"2025-12-02T03:28:24","guid":{"rendered":"https:\/\/www.europesays.com\/fr\/572268\/"},"modified":"2025-12-02T03:28:24","modified_gmt":"2025-12-02T03:28:24","slug":"le-nouvel-album-de-slimane-sort-ce-5-decembre","status":"publish","type":"post","link":"https:\/\/www.europesays.com\/fr\/572268\/","title":{"rendered":"Le nouvel album de Slimane sort ce 5 d\u00e9cembre !"},"content":{"rendered":"\n<p>R\u00e9v\u00e9l\u00e9 en 2016 par \u00ab\u00a0The Voice\u00a0\u00bb, Slimane en a fait du chemin. Le voil\u00e0 donc de retour sur le devant de la sc\u00e8ne avec un 4\u00e8me album personnel, intitul\u00e9 \u00ab\u00a0Il faut que tu saches\u00a0\u00bb. Les fans ont pu en avoir un avant-go\u00fbt avec le titre \u00ab\u00a0Mieux que moi\u00a0\u00bb.<\/p>\n<p>Avec Il faut que tu saches, Slimane ouvre une parenth\u00e8se plus intime. L\u2019artiste aborde notamment des th\u00e8mes sensibles, comme la sant\u00e9 mentale, \u00e0 travers le titre \u00ab Comme un oiseau \u00bb, partag\u00e9 r\u00e9cemment sur ses r\u00e9seaux sociaux. Dans ce piano-voix d\u00e9pouill\u00e9, il \u00e9voque une p\u00e9riode de d\u00e9pression et confie avoir travers\u00e9 des pens\u00e9es sombres : \u00ab J\u2019ai failli tout l\u00e2cher pour m\u2019en aller l\u00e0-haut \u00bb, chante-t-il, r\u00e9v\u00e9lant une fragilit\u00e9 rarement exprim\u00e9e avec autant de transparence.<\/p>\n<p><strong>En concert <\/strong><\/p>\n<p>Ce nouvel album n\u2019est qu\u2019un pr\u00e9ambule \u00e0 une ann\u00e9e 2026 qui s\u2019annonce tr\u00e8s charg\u00e9e pour le chanteur. Slimane d\u00e9butera en mai prochain une s\u00e9rie de concerts \u00ab\u00a0piano-voix\u00a0\u00bb et \u00ab\u00a0symphoniques\u00a0\u00bb dans la Salle Pleyel de Paris. Il sera en r\u00e9sidence dans la salle parisienne pour une vingtaine de dates. Une performance qui s\u2019annonce forte en \u00e9motions.<\/p>\n<p>\u00a0<\/p>\n","protected":false},"excerpt":{"rendered":"R\u00e9v\u00e9l\u00e9 en 2016 par \u00ab\u00a0The Voice\u00a0\u00bb, Slimane en a fait du chemin. Le voil\u00e0 donc de retour sur&hellip;\n","protected":false},"author":2,"featured_media":572269,"comment_status":"","ping_status":"","sticky":false,"template":"","format":"standard","meta":{"footnotes":""},"categories":[1355],"tags":[1111,47,58,59,1011,27,1922,1361,873],"class_list":{"0":"post-572268","1":"post","2":"type-post","3":"status-publish","4":"format-standard","5":"has-post-thumbnail","7":"category-musique","8":"tag-actu","9":"tag-actualite","10":"tag-divertissement","11":"tag-entertainment","12":"tag-fr","13":"tag-france","14":"tag-info","15":"tag-music","16":"tag-musique"},"share_on_mastodon":{"url":"https:\/\/pubeurope.com\/@fr\/115647853727136000","error":""},"_links":{"self":[{"href":"https:\/\/www.europesays.com\/fr\/wp-json\/wp\/v2\/posts\/572268","targetHints":{"allow":["GET"]}}],"collection":[{"href":"https:\/\/www.europesays.com\/fr\/wp-json\/wp\/v2\/posts"}],"about":[{"href":"https:\/\/www.europesays.com\/fr\/wp-json\/wp\/v2\/types\/post"}],"author":[{"embeddable":true,"href":"https:\/\/www.europesays.com\/fr\/wp-json\/wp\/v2\/users\/2"}],"replies":[{"embeddable":true,"href":"https:\/\/www.europesays.com\/fr\/wp-json\/wp\/v2\/comments?post=572268"}],"version-history":[{"count":0,"href":"https:\/\/www.europesays.com\/fr\/wp-json\/wp\/v2\/posts\/572268\/revisions"}],"wp:featuredmedia":[{"embeddable":true,"href":"https:\/\/www.europesays.com\/fr\/wp-json\/wp\/v2\/media\/572269"}],"wp:attachment":[{"href":"https:\/\/www.europesays.com\/fr\/wp-json\/wp\/v2\/media?parent=572268"}],"wp:term":[{"taxonomy":"category","embeddable":true,"href":"https:\/\/www.europesays.com\/fr\/wp-json\/wp\/v2\/categories?post=572268"},{"taxonomy":"post_tag","embeddable":true,"href":"https:\/\/www.europesays.com\/fr\/wp-json\/wp\/v2\/tags?post=572268"}],"curies":[{"name":"wp","href":"https:\/\/api.w.org\/{rel}","templated":true}]}}