{"id":572272,"date":"2025-12-02T03:30:43","date_gmt":"2025-12-02T03:30:43","guid":{"rendered":"https:\/\/www.europesays.com\/fr\/572272\/"},"modified":"2025-12-02T03:30:43","modified_gmt":"2025-12-02T03:30:43","slug":"grippe-vers-une-nouvelle-penurie-de-vaccins","status":"publish","type":"post","link":"https:\/\/www.europesays.com\/fr\/572272\/","title":{"rendered":"Grippe : vers une nouvelle p\u00e9nurie de vaccins ?"},"content":{"rendered":"<p>             <a href=\"https:\/\/ma-sante.news\/wp-content\/uploads\/2025\/12\/Epidemie-de-grippe-va-t-il-y-avoir-une-penurie-de-vaccins-cet-hiver-encore-Ma-Sante.jpg\" data-caption=\"Le vaccin contre la grippe r\u00e9duit de 40 % \u00e0 60 % le risque d&#039;hospitalisation pour formes graves chez les personnes \u00e2g\u00e9es. \u00a9 Freepik\" target=\"_blank\" rel=\"noopener\"><img loading=\"lazy\" decoding=\"async\" width=\"696\" height=\"464\" class=\"entry-thumb td-modal-image ewww_webp_lazy_load\" src=\"data:image\/svg+xml,%3Csvg%20xmlns=\" http:=\"\" data-lazy- data-lazy- alt=\"Un homme qui se fait vacciner contre la grippe pour passer l'hiver serein.\" title=\"E\u0301pide\u0301mie de grippe va-t-il y avoir une pe\u0301nurie de vaccins cet hiver encore Ma Sante\u0301\" data-lazy-src=\"https:\/\/www.europesays.com\/fr\/wp-content\/uploads\/2025\/12\/Epidemie-de-grippe-va-t-il-y-avoir-une-penurie-de-vaccins-cet-hiver-encore-Ma-Sante-696x464.jpg\" data-lazy-src-webp=\"https:\/\/www.europesays.com\/fr\/wp-content\/uploads\/2025\/12\/Epidemie-de-grippe-va-t-il-y-avoir-une-penurie-de-vaccins-cet-hiver-encore-Ma-Sante-696x464.jpg.webp\" data-lazy-srcset-webp=\"https:\/\/www.europesays.com\/fr\/wp-content\/uploads\/2025\/12\/Epidemie-de-grippe-va-t-il-y-avoir-une-penurie-de-vaccins-cet-hiver-encore-Ma-Sante-696x464.jpg.webp 696w, https:\/\/ma-sante.news\/wp-content\/uploads\/2025\/12\/Epidemie-de-grippe-va-t-il-y-avoir-une-penurie-de-vaccins-cet-hiver-encore-Ma-Sante-300x200.jpg.webp 300w, https:\/\/ma-sante.news\/wp-content\/uploads\/2025\/12\/Epidemie-de-grippe-va-t-il-y-avoir-une-penurie-de-vaccins-cet-hiver-encore-Ma-Sante-768x512.jpg.webp 768w, https:\/\/ma-sante.news\/wp-content\/uploads\/2025\/12\/Epidemie-de-grippe-va-t-il-y-avoir-une-penurie-de-vaccins-cet-hiver-encore-Ma-Sante-630x420.jpg.webp 630w, https:\/\/ma-sante.news\/wp-content\/uploads\/2025\/12\/Epidemie-de-grippe-va-t-il-y-avoir-une-penurie-de-vaccins-cet-hiver-encore-Ma-Sante.jpg.webp 800w\"\/><\/a>Le vaccin contre la grippe r\u00e9duit de 40 % \u00e0 60 % le risque d&rsquo;hospitalisation pour formes graves chez les personnes \u00e2g\u00e9es. \u00a9 Freepik                                    \t\t\t             <a class=\"gofollow\" data-track=\"MjgsMCw2MA==\" href=\"https:\/\/ma-sante.news\/inscrivez-vous-a-notre-newsletter\/\" target=\"_blank\" rel=\"noopener\"><img loading=\"lazy\" decoding=\"async\" width=\"1068\" height=\"131\" src=\"data:image\/svg+xml,%3Csvg%20xmlns=\" http:=\"\" data-lazy-src=\"https:\/\/www.europesays.com\/fr\/wp-content\/uploads\/2025\/03\/banniere-newsletter.png\"\/><\/a> <\/p>\n<p><a href=\"https:\/\/ma-sante.news\/vaccination-contre-la-grippe-et-le-covid-19-faut-savoir-sur-la-campagne-automne-2025\/\" target=\"_blank\" rel=\"noopener\">La campagne 2025-2026 a officiellement d\u00e9marr\u00e9 le 14 octobre en m\u00e9tropole<\/a>, date \u00e0 laquelle \u00e0 la fois la vaccination contre la grippe saisonni\u00e8re et celle contre le Covid-19 ont \u00e9t\u00e9 lanc\u00e9es. Une mise en route qui s\u2019aligne avec <a href=\"https:\/\/ma-sante.news\/lepidemie-de-grippe-debute-dans-lhexagone-ou-en-est-vraiment-la-france\/\" target=\"_blank\" rel=\"noopener\">une arriv\u00e9e pr\u00e9coce du virus cette ann\u00e9e.<\/a><\/p>\n<p>D\u00e8s les premi\u00e8res semaines, pr\u00e8s de 9,5 millions de doses antigrippales ont \u00e9t\u00e9 distribu\u00e9es, selon L\u2019USPO (l\u2019Union de syndicats de pharmaciens d\u2019officine).<a href=\"https:\/\/actu.orange.fr\/societe\/sante\/vaccin-contre-la-grippe-les-pharmacies-bientot-a-court-de-doses-la-ministre-de-la-sante-estime-les-stocks-suffisants-magic-CNT000002lWE2H.html?utm_source=chatgpt.com\" target=\"_blank\" rel=\"noopener\"> <\/a>Certains pharmaciens ont donc tir\u00e9 la sonnette d\u2019alarme et estiment que, si la demande continue \u00e0 ce rythme, les stocks disponibles pourraient ne suffire que pour une semaine \u00e0 peine, \u00e9voquant le risque de rupture avant m\u00eame le pic de l\u2019\u00e9pid\u00e9mie. <a href=\"https:\/\/ma-sante.news\/vaccin-grippe-pharmacies-lyon-auvergne-rhone-alpes-rupture-stock-penurie\/\" target=\"_blank\" rel=\"noopener\">Un sc\u00e9nario qui n\u2019est pas sans rappeler celui de la saison derni\u00e8re<\/a>. <\/p>\n<p>Le gouvernement a ainsi annonc\u00e9 qu\u2019il allait d\u00e9bloquer des doses suppl\u00e9mentaires depuis les r\u00e9serves strat\u00e9giques, afin d\u2019\u00e9viter des ruptures.\u00a0<\/p>\n<p>        \u00c9pid\u00e9mie de grippe : aurons-nous assez de vaccins pour tout le monde ?\u00a0    <\/p>\n<p>Avant le d\u00e9but de la campagne,<a href=\"https:\/\/ma-sante.news\/grippe-la-france-renforce-sa-vaccination-pour-eviter-un-nouvel-hiver-meurtrier\/\" target=\"_blank\" rel=\"noopener\"> les autorit\u00e9s sanitaires avaient s\u00e9curis\u00e9 14 millions de doses de vaccins antigrippaux pour la saison 2025-2026<\/a>. \u00c0 ce jour, un peu plus de la moiti\u00e9 de ces doses ont \u00e9t\u00e9 d\u00e9livr\u00e9es. Un d\u00e9marrage bien plus dynamique de la vaccination par rapport \u00e0 l\u2019ann\u00e9e derni\u00e8re.<\/p>\n<p>Mais le hic, c\u2019est que la campagne de vaccination concerne une population particuli\u00e8rement large :<\/p>\n<p>Or, <a href=\"https:\/\/ma-sante.news\/epidemie-de-grippe-une-trop-faible-couverture-vaccinale-pour-contrer-le-virus\/\" target=\"_blank\" rel=\"noopener\">l\u2019objectif de couverture vaccinale recommand\u00e9 pour les populations \u00e0 risque est de 75 %<\/a>, selon les recommandations de l\u2019OMS.<a href=\"https:\/\/sante.gouv.fr\/prevention-en-sante\/preserver-sa-sante\/pour-un-hiver-sans-virus\/article\/questions-reponses-vaccination-grippe-saisonniere-et-covid-19?utm_source=chatgpt.com\" target=\"_blank\" rel=\"noopener\"> <\/a>Les taux actuels, m\u00eame en supposant que toutes les doses s\u00e9curis\u00e9es suffisent, laissent peu de marge si la demande augmente encore.<\/p>\n<p>        D\u00e9blocage, strat\u00e9gie, vigilance: les autorit\u00e9s s\u2019activent    <\/p>\n<p>Face aux alertes du terrain, l\u2019\u00c9tat a d\u00e9cid\u00e9 d\u2019op\u00e9rer un coup d\u2019arrosage d\u2019urgence et des doses suppl\u00e9mentaires seront d\u00e9bloqu\u00e9es depuis les stock strat\u00e9giques.<\/p>\n<p>C\u00f4t\u00e9 vaccins, il faut noter que pour la saison 2025-2026 cinq vaccins trivalents sont disponibles, dont deux (<a href=\"https:\/\/ma-sante.news\/efluelda-le-vaccin-antigrippal-haute-dose-de-sanofi-fait-son-retour-en-france\/\" target=\"_blank\" rel=\"noopener\">Efluelda<\/a> et Fluad) sp\u00e9cialement recommand\u00e9s pour les personnes \u00e2g\u00e9es, jug\u00e9es plus vuln\u00e9rables.<\/p>\n<p>La campagne reste ouverte jusqu\u2019au 31 janvier 2026. Cela laisse une fen\u00eatre pour les retardataires, mais ce d\u00e9lai pourrait se resserrer si le virus circule t\u00f4t ou fortement. Aussi,<a href=\"https:\/\/ma-sante.news\/bises-et-lavage-des-mains-gare-au-grand-relachement\/\" target=\"_blank\" rel=\"noopener\"> les gestes barri\u00e8res restent un compl\u00e9ment essentiel<\/a>, surtout si on craint une p\u00e9nurie. Le vaccin n\u2019est efficace que si on le combine \u00e0 des gestes simples : lavage des mains, distance, a\u00e9ration, etc.<\/p>\n<p>        Des vaccins en nombre pour \u00e9viter un nouvel hiver sous tension    <\/p>\n<p>L\u2019hiver 2024-2025 n\u2019a pas \u00e9t\u00e9 une saison comme les autres. L\u2019\u00e9pid\u00e9mie a dur\u00e9 environ 12 semaines, avec un pic soutenu fin d\u00e9cembre \u00e0 janvier, et s\u2019est traduite par pr\u00e8s de 3 millions de consultations en m\u00e9decine de ville pour des syndromes grippaux. Du c\u00f4t\u00e9 des h\u00f4pitaux, l\u2019impact a \u00e9t\u00e9 net. 29 000 hospitalisations apr\u00e8s passage aux urgences pour grippe ou syndrome grippal ont \u00e9t\u00e9 recens\u00e9es.<\/p>\n<p><a href=\"https:\/\/ma-sante.news\/grippe-plus-de-17-000-morts-lhiver-dernier-pourquoi-la-vaccination-reste-t-elle-si-faible\/\" target=\"_blank\" rel=\"noopener\">La mortalit\u00e9, elle aussi, a montr\u00e9 \u00e0 quel point la saison a \u00e9t\u00e9 s\u00e9v\u00e8re<\/a>. Au plus fort du pic, la grippe repr\u00e9sentait pr\u00e8s de 7,3 % des d\u00e9c\u00e8s certifi\u00e9s \u00e9lectroniquement, un record depuis 2017. Parmi ces hospitalisations, 60 % concernaient des personnes \u00e2g\u00e9es de 65 ans ou plus, un rappel que les populations vuln\u00e9rables ont \u00e9t\u00e9 les plus touch\u00e9es.<\/p>\n<blockquote class=\"wp-block-quote is-layout-flow wp-block-quote-is-layout-flow\">\n<p><strong>\u00c0 SAVOIR\u00a0<\/strong><\/p>\n<p>En France, durant les \u00e9pisodes \u00e9pid\u00e9miques, pr\u00e8s de 70 % des adultes actifs touch\u00e9s par la grippe s\u2019absentent en moyenne pr\u00e8s de cinq jours. Cet absent\u00e9isme repr\u00e9sente environ 2 millions de journ\u00e9es de travail perdues lors des saisons les plus calmes, et jusqu\u2019\u00e0 12 millions lors des vagues plus intenses.\u00a0<\/p>\n<\/blockquote>\n<p>  <a class=\"gofollow\" data-track=\"MTIsMCw2MA==\" href=\"https:\/\/ma-sante.news\/annonceurs\/\" target=\"_blank\" rel=\"noopener\"><img loading=\"lazy\" decoding=\"async\" width=\"2560\" height=\"2133\" src=\"data:image\/svg+xml,%3Csvg%20xmlns=\" http:=\"\" data-lazy-src=\"https:\/\/www.europesays.com\/fr\/wp-content\/uploads\/2025\/03\/pub-annonceurs-4-scaled.jpg\"\/><\/a>    <img loading=\"lazy\" decoding=\"async\" width=\"755\" height=\"495\" src=\"data:image\/svg+xml,%3Csvg%20xmlns=\" http:=\"\" data-lazy-src=\"https:\/\/www.europesays.com\/fr\/wp-content\/uploads\/2025\/03\/Image1.jpg\" data-lazy-src-webp=\"https:\/\/www.europesays.com\/fr\/wp-content\/uploads\/2025\/03\/Image1.jpg.webp\" class=\"ewww_webp_lazy_load\"\/>Inscrivez-vous \u00e0 notre newsletter <br \/>Ma Sant\u00e9                      <\/p>\n","protected":false},"excerpt":{"rendered":"Le vaccin contre la grippe r\u00e9duit de 40 % \u00e0 60 % le risque d&rsquo;hospitalisation pour formes graves&hellip;\n","protected":false},"author":2,"featured_media":572273,"comment_status":"","ping_status":"","sticky":false,"template":"","format":"standard","meta":{"footnotes":""},"categories":[10],"tags":[1011,27,72,71,10655],"class_list":{"0":"post-572272","1":"post","2":"type-post","3":"status-publish","4":"format-standard","5":"has-post-thumbnail","7":"category-sante","8":"tag-fr","9":"tag-france","10":"tag-health","11":"tag-sante","12":"tag-u00e9pidu00e9mie-grippe"},"share_on_mastodon":{"url":"https:\/\/pubeurope.com\/@fr\/115647861437494318","error":""},"_links":{"self":[{"href":"https:\/\/www.europesays.com\/fr\/wp-json\/wp\/v2\/posts\/572272","targetHints":{"allow":["GET"]}}],"collection":[{"href":"https:\/\/www.europesays.com\/fr\/wp-json\/wp\/v2\/posts"}],"about":[{"href":"https:\/\/www.europesays.com\/fr\/wp-json\/wp\/v2\/types\/post"}],"author":[{"embeddable":true,"href":"https:\/\/www.europesays.com\/fr\/wp-json\/wp\/v2\/users\/2"}],"replies":[{"embeddable":true,"href":"https:\/\/www.europesays.com\/fr\/wp-json\/wp\/v2\/comments?post=572272"}],"version-history":[{"count":0,"href":"https:\/\/www.europesays.com\/fr\/wp-json\/wp\/v2\/posts\/572272\/revisions"}],"wp:featuredmedia":[{"embeddable":true,"href":"https:\/\/www.europesays.com\/fr\/wp-json\/wp\/v2\/media\/572273"}],"wp:attachment":[{"href":"https:\/\/www.europesays.com\/fr\/wp-json\/wp\/v2\/media?parent=572272"}],"wp:term":[{"taxonomy":"category","embeddable":true,"href":"https:\/\/www.europesays.com\/fr\/wp-json\/wp\/v2\/categories?post=572272"},{"taxonomy":"post_tag","embeddable":true,"href":"https:\/\/www.europesays.com\/fr\/wp-json\/wp\/v2\/tags?post=572272"}],"curies":[{"name":"wp","href":"https:\/\/api.w.org\/{rel}","templated":true}]}}