{"id":572286,"date":"2025-12-02T03:38:13","date_gmt":"2025-12-02T03:38:13","guid":{"rendered":"https:\/\/www.europesays.com\/fr\/572286\/"},"modified":"2025-12-02T03:38:13","modified_gmt":"2025-12-02T03:38:13","slug":"la-sante-de-donald-trump-doit-elle-inquieter-ce-que-dit-le-compte-rendu-de-son-medecin-publie-ce-lundi","status":"publish","type":"post","link":"https:\/\/www.europesays.com\/fr\/572286\/","title":{"rendered":"La sant\u00e9 de Donald Trump doit-elle inqui\u00e9ter ? Ce que dit le compte-rendu de son m\u00e9decin publi\u00e9 ce lundi"},"content":{"rendered":"<p class=\"article-p mdl\">Des nouvelles plus que rassurantes pour Donald Trump. En octobre dernier, le pr\u00e9sident des Etats-Unis\u00a0<a class=\"link\" href=\"https:\/\/www.rtl.fr\/actu\/international\/ce-n-etait-pas-le-cerveau-donald-trump-assure-qu-il-publiera-les-resultats-de-sa-derniere-irm-apres-des-inquietudes-sur-sa-sante-7900572691\" target=\"_blank\" rel=\"noopener\">a pass\u00e9 un IRM<\/a>.\u00a0Selon un compte-rendu de son m\u00e9decin publi\u00e9 lundi 1er d\u00e9cembre par la Maison Blanche, le chef d&rsquo;Etat est en \u00ab\u00a0excellente\u00a0\u00bb sant\u00e9 cardiovasculaire.<\/p>\n<p class=\"article-p mdl\">\u00ab\u00a0Globalement, son syst\u00e8me cardiovasculaire montre <strong>une excellente sant\u00e9<\/strong>. Son imagerie abdominale est aussi parfaitement normale. Tous les organes majeurs paraissent tr\u00e8s sains et bien irrigu\u00e9s\u00a0\u00bb, a d\u00e9clar\u00e9 le m\u00e9decin de la pr\u00e9sidence, Sean Barbabella.\u00a0<\/p>\n<p class=\"article-p mdl\">La sant\u00e9 de Donald Trump, 79 ans,\u00a0<a class=\"link\" href=\"https:\/\/www.rtl.fr\/actu\/international\/apres-une-absence-prolongee-et-des-speculations-sur-sa-sante-donald-trump-va-faire-une-annonce-importante-ce-soir-a-20h-7900536795\" target=\"_blank\" rel=\"noopener\">avait suscit\u00e9 des interrogations<\/a>\u00a0apr\u00e8s qu&rsquo;il e\u00fbt r\u00e9v\u00e9l\u00e9 avoir pass\u00e9 cette IRM, une proc\u00e9dure d&rsquo;imagerie inhabituelle pour une visite m\u00e9dicale de routine. Mais, d&rsquo;apr\u00e8s le compte-rendu du m\u00e9decin,<strong> l&rsquo;examen \u00e9tait purement \u00ab\u00a0pr\u00e9ventif\u00a0\u00bb<\/strong> et permettait notamment d'\u00a0\u00bbidentifier au pr\u00e9alable des probl\u00e8mes et confirmer son \u00e9tat de sant\u00e9 g\u00e9n\u00e9ral\u00a0\u00bb.\u00a0<\/p>\n<p>            Des sp\u00e9culations sur la sant\u00e9 de Donald Trump<\/p>\n<p class=\"article-p mdl\">La question de l&rsquo;\u00e2ge du pr\u00e9sident am\u00e9ricain occupe les esprits ces derni\u00e8res ann\u00e9es,\u00a0<a class=\"link\" href=\"https:\/\/www.rtl.fr\/actu\/international\/joe-biden-la-maison-blanche-a-t-elle-garde-le-secret-sur-sa-sante-7900507625\" target=\"_blank\" rel=\"noopener\">notamment sous Joe Biden<\/a>, qui a montr\u00e9 de nombreux signes de faiblesse lors de son mandat (2021-2025).\u00a0<\/p>\n<p class=\"article-p mdl\">M\u00eame si elles sont loin d&rsquo;atteindre l&rsquo;intensit\u00e9 de celles pos\u00e9es pour son pr\u00e9d\u00e9cesseur, Donald Trump n&rsquo;\u00e9chappe pas aux questions et aux sp\u00e9culations sur sa sant\u00e9.\u00a0<\/p>\n<p class=\"article-p mdl\">Le milliardaire a notamment \u00e9t\u00e9 vu\u00a0<a class=\"link\" href=\"https:\/\/www.rtl.fr\/actu\/international\/avc-ecchymoses-sur-les-mains-malgre-le-dementi-de-donald-trump-les-rumeurs-sur-sa-sante-continuent-de-circuler-en-ligne-7900537155\" target=\"_blank\" rel=\"noopener\">avec des h\u00e9matomes sur la main droite<\/a>. Des photos l&rsquo;ont montr\u00e9 avec une \u00e9paisse couche de maquillage \u00e0 cet endroit. La Maison Blanche avait affirm\u00e9 que ces bleus \u00e9taient dus \u00e0 \u00ab\u00a0des serrages de main fr\u00e9quents\u00a0\u00bb et \u00e0 sa prise d&rsquo;aspirine comme traitement cardiovasculaire standard.\u00a0<\/p>\n<p>    La r\u00e9daction vous recommande<\/p>\n<p class=\"s-newsletter__title\">\n                L\u2019actualit\u00e9 par la r\u00e9daction de RTL dans votre bo\u00eete mail.\n            <\/p>\n<p class=\"s-newsletter__subtitle\">\n                Gr\u00e2ce \u00e0 votre compte RTL abonnez-vous \u00e0 la newsletter RTL info pour suivre toute l&rsquo;actualit\u00e9 au quotidien\n            <\/p>\n<p>\n                                    Lire la suite\n                                <\/p>\n","protected":false},"excerpt":{"rendered":"Des nouvelles plus que rassurantes pour Donald Trump. En octobre dernier, le pr\u00e9sident des Etats-Unis\u00a0a pass\u00e9 un IRM.\u00a0Selon&hellip;\n","protected":false},"author":2,"featured_media":572287,"comment_status":"","ping_status":"","sticky":false,"template":"","format":"standard","meta":{"footnotes":""},"categories":[2],"tags":[11,75,73,107,1011,27,12],"class_list":{"0":"post-572286","1":"post","2":"type-post","3":"status-publish","4":"format-standard","5":"has-post-thumbnail","7":"category-actualites","8":"tag-actualites","9":"tag-donald-trump","10":"tag-etats-unis","11":"tag-fil-info","12":"tag-fr","13":"tag-france","14":"tag-news"},"share_on_mastodon":{"url":"https:\/\/pubeurope.com\/@fr\/115647893043554849","error":""},"_links":{"self":[{"href":"https:\/\/www.europesays.com\/fr\/wp-json\/wp\/v2\/posts\/572286","targetHints":{"allow":["GET"]}}],"collection":[{"href":"https:\/\/www.europesays.com\/fr\/wp-json\/wp\/v2\/posts"}],"about":[{"href":"https:\/\/www.europesays.com\/fr\/wp-json\/wp\/v2\/types\/post"}],"author":[{"embeddable":true,"href":"https:\/\/www.europesays.com\/fr\/wp-json\/wp\/v2\/users\/2"}],"replies":[{"embeddable":true,"href":"https:\/\/www.europesays.com\/fr\/wp-json\/wp\/v2\/comments?post=572286"}],"version-history":[{"count":0,"href":"https:\/\/www.europesays.com\/fr\/wp-json\/wp\/v2\/posts\/572286\/revisions"}],"wp:featuredmedia":[{"embeddable":true,"href":"https:\/\/www.europesays.com\/fr\/wp-json\/wp\/v2\/media\/572287"}],"wp:attachment":[{"href":"https:\/\/www.europesays.com\/fr\/wp-json\/wp\/v2\/media?parent=572286"}],"wp:term":[{"taxonomy":"category","embeddable":true,"href":"https:\/\/www.europesays.com\/fr\/wp-json\/wp\/v2\/categories?post=572286"},{"taxonomy":"post_tag","embeddable":true,"href":"https:\/\/www.europesays.com\/fr\/wp-json\/wp\/v2\/tags?post=572286"}],"curies":[{"name":"wp","href":"https:\/\/api.w.org\/{rel}","templated":true}]}}