{"id":572288,"date":"2025-12-02T03:39:24","date_gmt":"2025-12-02T03:39:24","guid":{"rendered":"https:\/\/www.europesays.com\/fr\/572288\/"},"modified":"2025-12-02T03:39:24","modified_gmt":"2025-12-02T03:39:24","slug":"saint-just-malmont-la-brigade-de-gendarmerie-est-operationnelle","status":"publish","type":"post","link":"https:\/\/www.europesays.com\/fr\/572288\/","title":{"rendered":"Saint-Just-Malmont : la brigade de gendarmerie est op\u00e9rationnelle"},"content":{"rendered":"<p>\t\t\t\t\t\t\t\t\t\t\t\t\t\t\t\t\t\t\t\t\t\t\t\t\t\t\t\t\t\t\t\t\t\t\t\t\t\t\t\t\t\t\t\t\t\t\t\t\t\t\t\t\t\t\t\t\t\t\t\t\t\t\t<a href=\"https:\/\/www.lacommere43.fr\/component\/banners\/click\/1861.html\" target=\"_blank\" title=\"HPV No\u00ebl d\u00e9cembre 2025\" rel=\"noopener\"><br \/>\n\t\t\t\t\t\t\t<img decoding=\"async\" loading=\"lazy\" src=\"https:\/\/www.europesays.com\/fr\/wp-content\/uploads\/2025\/11\/Pub_la_Commre_-_NOEL_Haut_PAYS_DU_VELAY.gif\" alt=\"HPV No\u00ebl d\u00e9cembre 2025\"\/><br \/>\n\t\t\t\t\t\t<\/a><\/p>\n<p>\t\t\t\t\t\t\t\t\t\t\t\t\t\t\t\t\t\t\t\t\t\t\t\t\t\t\t\t\t\t\t\t\t\t\t\t\t\t\t\t\t\t\t\t\t\t\t\t\t\t\t\t\t\t\t\t\t\t\t\t\t\t\t<a href=\"https:\/\/www.lacommere43.fr\/component\/banners\/click\/1862.html\" target=\"_blank\" title=\"Tence Rural Master d\u00e9cembre 2025\" rel=\"noopener\"><br \/>\n\t\t\t\t\t\t\t<img decoding=\"async\" loading=\"lazy\" src=\"https:\/\/www.europesays.com\/fr\/wp-content\/uploads\/2025\/12\/rural2025-6.gif\" alt=\"Tence Rural Master d\u00e9cembre 2025\"\/><br \/>\n\t\t\t\t\t\t<\/a><\/p>\n<p><strong>La brigade de gendarmerie de Saint-Just-Malmont a officiellement ouvert ce lundi 1er d\u00e9cembre. Six gendarmes composent cette nouvelle brigade, install\u00e9e provisoirement dans le quartier du stade.<\/strong><\/p>\n<p>La communaut\u00e9 de brigades de Saint-Didier se compose d\u00e9sormais de trois brigades avec Sainte-Sigol\u00e8ne, Saint-Didier-en-Velay&#8230; et Saint-Just-Malmont, laquelle fait partie des\u00a0239 nouvelles brigades annonc\u00e9es par le pr\u00e9sident de la R\u00e9publique en 2023.<\/p>\n<p><strong>Six militaires en poste<\/strong><\/p>\n<p>La brigade comptera \u00e0 terme dix militaires. Ils sont actuellement six, arriv\u00e9s au fil de l&rsquo;eau depuis 2024. L&rsquo;adjudant-chef J\u00e9r\u00e9mie Soulier est le chef de cette \u00e9quipe. Apr\u00e8s avoir pass\u00e9 neuf ann\u00e9es \u00e0 Montfaucon-en-Velay (2015-2024), il a rejoint la COB de Saint-Didier dans l&rsquo;optique de la cr\u00e9ation \u00e0 Saint-Just.<\/p>\n<p>La brigade est aujourd&rsquo;hui install\u00e9e au premier \u00e9tage d&rsquo;un immeuble OPAC entre le stade et les courts de tennis. L&rsquo;acc\u00e8s a \u00e9t\u00e9 s\u00e9curis\u00e9 et des barreaux install\u00e9s aux fen\u00eatres, comme dans toute propri\u00e9t\u00e9 militaire. Ici, la brigade cohabite avec des logements de particuliers. Des travaux ont \u00e9t\u00e9 men\u00e9s pour installer cette brigade dans deux anciens logements sur le m\u00eame palier.<\/p>\n<p><strong>Une caserne neuve promise pour 2028<\/strong><\/p>\n<p>A terme, une caserne toute neuve est attendue. La commune de Saint-Just-Malmont a acquis un ancien site industriel en reconversion destin\u00e9 \u00e0 accueillir le b\u00e2timent d\u00e9finitif de la brigade, dont l\u2019OPAC 43 sera le bailleur. Les travaux de d\u00e9molition de l\u2019ex-usine Sodemetex sont termin\u00e9s (financ\u00e9s \u00e0 80 % par le fonds friche de l&rsquo;Etat), le terrain sera mis \u00e0 disposition de l\u2019OPAC pour r\u00e9aliser les travaux de construction de la caserne qui accueillera dix militaires et leurs familles. Les travaux devraient s&rsquo;\u00e9taler sur les ann\u00e9es 2027 et 2028.<\/p>\n<p>Concernant la brigade actuelle, des permanences d&rsquo;accueil sont pr\u00e9vues du lundi au vendredi, de 8 heures \u00e0 12 heures.<\/p><\/p>\n","protected":false},"excerpt":{"rendered":"La brigade de gendarmerie de Saint-Just-Malmont a officiellement ouvert ce lundi 1er d\u00e9cembre. Six gendarmes composent cette nouvelle&hellip;\n","protected":false},"author":2,"featured_media":572289,"comment_status":"","ping_status":"","sticky":false,"template":"","format":"standard","meta":{"footnotes":""},"categories":[9653],"tags":[1111,2281,11,2430,1777,674,2282,1011,27,2280,2284,2285,2283,12,25,4001],"class_list":{"0":"post-572288","1":"post","2":"type-post","3":"status-publish","4":"format-standard","5":"has-post-thumbnail","7":"category-saint-etienne","8":"tag-actu","9":"tag-actualite-43","10":"tag-actualites","11":"tag-auvergne-rhone-alpes","12":"tag-eu","13":"tag-europe","14":"tag-faits-divers-auvergne","15":"tag-fr","16":"tag-france","17":"tag-information-haute-loire","18":"tag-infos-43","19":"tag-journal-haute-loire","20":"tag-la-commere-43","21":"tag-news","22":"tag-republique-francaise","23":"tag-saint-etienne"},"share_on_mastodon":{"url":"https:\/\/pubeurope.com\/@fr\/115647897550897168","error":""},"_links":{"self":[{"href":"https:\/\/www.europesays.com\/fr\/wp-json\/wp\/v2\/posts\/572288","targetHints":{"allow":["GET"]}}],"collection":[{"href":"https:\/\/www.europesays.com\/fr\/wp-json\/wp\/v2\/posts"}],"about":[{"href":"https:\/\/www.europesays.com\/fr\/wp-json\/wp\/v2\/types\/post"}],"author":[{"embeddable":true,"href":"https:\/\/www.europesays.com\/fr\/wp-json\/wp\/v2\/users\/2"}],"replies":[{"embeddable":true,"href":"https:\/\/www.europesays.com\/fr\/wp-json\/wp\/v2\/comments?post=572288"}],"version-history":[{"count":0,"href":"https:\/\/www.europesays.com\/fr\/wp-json\/wp\/v2\/posts\/572288\/revisions"}],"wp:featuredmedia":[{"embeddable":true,"href":"https:\/\/www.europesays.com\/fr\/wp-json\/wp\/v2\/media\/572289"}],"wp:attachment":[{"href":"https:\/\/www.europesays.com\/fr\/wp-json\/wp\/v2\/media?parent=572288"}],"wp:term":[{"taxonomy":"category","embeddable":true,"href":"https:\/\/www.europesays.com\/fr\/wp-json\/wp\/v2\/categories?post=572288"},{"taxonomy":"post_tag","embeddable":true,"href":"https:\/\/www.europesays.com\/fr\/wp-json\/wp\/v2\/tags?post=572288"}],"curies":[{"name":"wp","href":"https:\/\/api.w.org\/{rel}","templated":true}]}}