{"id":572294,"date":"2025-12-02T03:43:36","date_gmt":"2025-12-02T03:43:36","guid":{"rendered":"https:\/\/www.europesays.com\/fr\/572294\/"},"modified":"2025-12-02T03:43:36","modified_gmt":"2025-12-02T03:43:36","slug":"lorigine-du-feu-serait-volontaire-selon-le-parquet","status":"publish","type":"post","link":"https:\/\/www.europesays.com\/fr\/572294\/","title":{"rendered":"l&rsquo;origine du feu serait volontaire, selon le parquet"},"content":{"rendered":"<p>                    Par<br \/>\n        <strong><br \/>\n            <a href=\"https:\/\/actu.fr\/auteur\/pierre-emile-bouchy-actu-fr\" title=\"Consulter tous les articles de Paul-Emile Bouchy\" target=\"_blank\" rel=\"noopener\">Paul-Emile Bouchy<\/a><br \/>\n                    <\/strong><\/p>\n<p>        Publi\u00e9 le<\/p>\n<p>            1 d\u00e9c. 2025 \u00e0 18h38        <\/p>\n<p>Dans la nuit du samedi\u00a029 au dimanche 30\u00a0novembre, <strong>cinq personnes sont mortes<\/strong> dans un <a href=\"https:\/\/actu.fr\/grand-est\/neuves-maisons_54397\/terrible-incendie-pres-de-nancy-au-moins-quatre-morts-dont-un-adolescent-et-deux-blesses_63508460.html\" target=\"_blank\" rel=\"noopener\">terrible incendie pr\u00e8s de Nancy<\/a>, dans la commune de <strong>Neuves-Maisons<\/strong> (Meurthe-et-Moselle). Parmi les victimes se trouvent <strong>un couple, leur fils de 16\u00a0ans et deux de ses amis \u00e2g\u00e9s de 16 et 20\u00a0ans<\/strong>.<\/p>\n<p class=\" wall-content\">Selon le procureur de la R\u00e9publique de Nancy, Fran\u00e7ois Capin-Dulhoste, l\u2019enqu\u00eate men\u00e9e par la <a href=\"https:\/\/actu.fr\/tag\/gendarmerie\" target=\"_blank\" rel=\"noopener\">gendarmerie<\/a> indique qu\u2019il s\u2019agirait d\u2019<strong>un incendie volontaire<\/strong>.<\/p>\n<p>L\u2019intervention d\u2019un tiers dans le d\u00e9clenchement du sinistre<\/p>\n<p class=\" wall-content\">Dans un communiqu\u00e9 de presse, le procureur pr\u00e9cise que \u00ab\u2009les constatations techniques r\u00e9alis\u00e9es aujourd\u2019hui [lundi] ont mis en \u00e9vidence <strong>l\u2019intervention d\u2019un tiers dans le d\u00e9clenchement du sinistre<\/strong>\u2009\u00bb.<\/p>\n<p class=\" wall-content\">Ainsi, la section de recherches de la gendarmerie de Nancy poursuit l\u2019enqu\u00eate, d\u00e9sormais sous la <strong>qualification \u00ab\u2009d\u2019incendie volontaire ayant entra\u00een\u00e9 la mort\u2009\u00bb<\/strong>.<\/p>\n<p class=\" wall-content\">\u00ab\u2009Ce crime est <strong>puni de la r\u00e9clusion criminelle \u00e0 perp\u00e9tuit\u00e9<\/strong>\u2009\u00bb, conclut le procureur.<\/p>\n<p class=\" wall-content\">Personnalisez votre actualit\u00e9 en ajoutant vos villes et m\u00e9dias en favori avec <a href=\"https:\/\/moncompte.actu.fr\" title=\"D\u00e9couvez Mon Actu\" rel=\"nofollow noopener\" data-trk=\"{&quot;cta&quot;:{&quot;action&quot;:&quot;https:\\\/\\\/moncompte.actu.fr&quot;,&quot;category&quot;:&quot;mon compte&quot;,&quot;from&quot;:&quot;article footer&quot;,&quot;name&quot;:&quot;Mon actu&quot;,&quot;type&quot;:&quot;cta&quot;}}\" target=\"_blank\">Mon Actu<\/a>.<\/p>\n","protected":false},"excerpt":{"rendered":"Par Paul-Emile Bouchy Publi\u00e9 le 1 d\u00e9c. 2025 \u00e0 18h38 Dans la nuit du samedi\u00a029 au dimanche 30\u00a0novembre,&hellip;\n","protected":false},"author":2,"featured_media":572295,"comment_status":"","ping_status":"","sticky":false,"template":"","format":"standard","meta":{"footnotes":""},"categories":[9635],"tags":[1111,11,1777,674,118,1011,27,3381,775,1310,303,1702,12,25],"class_list":{"0":"post-572294","1":"post","2":"type-post","3":"status-publish","4":"format-standard","5":"has-post-thumbnail","7":"category-nancy","8":"tag-actu","9":"tag-actualites","10":"tag-eu","11":"tag-europe","12":"tag-faits-divers","13":"tag-fr","14":"tag-france","15":"tag-gendarmerie","16":"tag-grand-est","17":"tag-incendie","18":"tag-justice","19":"tag-nancy","20":"tag-news","21":"tag-republique-francaise"},"share_on_mastodon":{"url":"https:\/\/pubeurope.com\/@fr\/115647912655762488","error":""},"_links":{"self":[{"href":"https:\/\/www.europesays.com\/fr\/wp-json\/wp\/v2\/posts\/572294","targetHints":{"allow":["GET"]}}],"collection":[{"href":"https:\/\/www.europesays.com\/fr\/wp-json\/wp\/v2\/posts"}],"about":[{"href":"https:\/\/www.europesays.com\/fr\/wp-json\/wp\/v2\/types\/post"}],"author":[{"embeddable":true,"href":"https:\/\/www.europesays.com\/fr\/wp-json\/wp\/v2\/users\/2"}],"replies":[{"embeddable":true,"href":"https:\/\/www.europesays.com\/fr\/wp-json\/wp\/v2\/comments?post=572294"}],"version-history":[{"count":0,"href":"https:\/\/www.europesays.com\/fr\/wp-json\/wp\/v2\/posts\/572294\/revisions"}],"wp:featuredmedia":[{"embeddable":true,"href":"https:\/\/www.europesays.com\/fr\/wp-json\/wp\/v2\/media\/572295"}],"wp:attachment":[{"href":"https:\/\/www.europesays.com\/fr\/wp-json\/wp\/v2\/media?parent=572294"}],"wp:term":[{"taxonomy":"category","embeddable":true,"href":"https:\/\/www.europesays.com\/fr\/wp-json\/wp\/v2\/categories?post=572294"},{"taxonomy":"post_tag","embeddable":true,"href":"https:\/\/www.europesays.com\/fr\/wp-json\/wp\/v2\/tags?post=572294"}],"curies":[{"name":"wp","href":"https:\/\/api.w.org\/{rel}","templated":true}]}}