{"id":572296,"date":"2025-12-02T03:44:13","date_gmt":"2025-12-02T03:44:13","guid":{"rendered":"https:\/\/www.europesays.com\/fr\/572296\/"},"modified":"2025-12-02T03:44:13","modified_gmt":"2025-12-02T03:44:13","slug":"toulon-le-murmure-des-songes-kader-attou","status":"publish","type":"post","link":"https:\/\/www.europesays.com\/fr\/572296\/","title":{"rendered":"Toulon : Le Murmure des Songes Kader Attou"},"content":{"rendered":"<p>        <a href=\"https:\/\/www.tv83.info\/wp-content\/uploads\/2025\/06\/murmure_des_songes_1280-1024x576-1.jpg\" data-caption=\"\" target=\"_blank\" rel=\"noopener\"><img loading=\"lazy\" decoding=\"async\" width=\"696\" height=\"392\" class=\"entry-thumb td-modal-image\" src=\"https:\/\/www.europesays.com\/fr\/wp-content\/uploads\/2025\/12\/murmure_des_songes_1280-1024x576-1-696x392.jpg\"   alt=\"\" title=\"murmure_des_songes_1280-1024x576\"\/><\/a><\/p>\n<p>Kader Attou signe une cr\u00e9ation onirique. Et c\u2019est divinement r\u00e9ussi ! Dans cette pi\u00e8ce, le chor\u00e9graphe hip-hop nous plonge dans une contr\u00e9e fantastique faite d\u2019un bestiaire po\u00e9tique, de f\u00e9es gracieuses et de for\u00eats \u00e9nigmatiques, pour redonner vie \u00e0 ses r\u00eaves d\u2019enfant. Un moment magique \u00e0 vivre en famille.<\/p>\n<p>\u00c0 6 ans, dans l\u2019obscurit\u00e9 de sa chambre, Kader Attou semblait voir le papier peint s\u2019animer, lui r\u00e9v\u00e9lant un monde cach\u00e9. Depuis son lit, il s\u2019imaginait prendre part \u00e0 un voyage merveilleux. Sur sc\u00e8ne, quatre interpr\u00e8tes nous invitent dans ce pays des songes. L\u2019un d\u2019eux dort quand soudain tout un univers jaillit.<br \/>Toutes et tous dansent au milieu de superbes illustrations et projections au rythme de la musique. Leurs figures amples se d\u00e9ploient \u00e0 l\u2019infini. Des m\u00e9tamorphoses visuelles nous surprennent. Et de cet instant d\u00e9licat se r\u00e9v\u00e8le l\u2019insouciance de notre enfance.<\/p>\n<p><strong> Dates<\/strong> Dur\u00e9e estim\u00e9e 1h25<br \/><strong>vendredi 12 d\u00e9cembre 2025<\/strong> \u00e0 20h00<br \/><strong>samedi 13 d\u00e9cembre 2025<\/strong> \u00e0 18h00<\/p>\n<p><strong>Repr\u00e9sentation scolaire<\/strong><br \/>vendredi 12 d\u00e9cembre 2025 \u00e0 14h30<\/p>\n<p><strong>Toulon<\/strong> Le Libert\u00e9<br \/>Salle Albert Camus<br \/>Accessibilit\u00e9 En famille d\u00e8s 7 ans<\/p>\n<p><strong> Tarifs<\/strong><br \/>Plein tarif 30 \u20ac<br \/>Tarif adulte avec la carte Ch\u00e2teauvallon-Libert\u00e9 20 \u20ac<br \/>Tarif partenaire (CSE et Associations culturelles partenaires) 20 \u20ac<br \/>Tarif \u2013 30 ans 15 \u20ac<br \/>Tarif \u2013 18 ans 10 \u20ac<br \/>Tarif solidaire 5 \u20ac<br \/>Tarif solidaire famille adulte 10 \u20ac<br \/>Tarif solidaire famille enfant 5 \u20ac<\/p>\n<p><a href=\"https:\/\/www.restosducoeur.org\/associations-departementales\/les-restos-du-coeur-du-var\/\" target=\"_blank\" rel=\"noopener\"><img decoding=\"async\" style=\"height:70px;width:140px\" src=\"https:\/\/www.europesays.com\/fr\/wp-content\/uploads\/2025\/04\/restos-du-coeur.jpg\"\/><\/a>        <\/p>\n","protected":false},"excerpt":{"rendered":"Kader Attou signe une cr\u00e9ation onirique. Et c\u2019est divinement r\u00e9ussi ! Dans cette pi\u00e8ce, le chor\u00e9graphe hip-hop nous&hellip;\n","protected":false},"author":2,"featured_media":572297,"comment_status":"","ping_status":"","sticky":false,"template":"","format":"standard","meta":{"footnotes":""},"categories":[9619],"tags":[1111,11,1777,674,1011,27,12,882,25,2310],"class_list":{"0":"post-572296","1":"post","2":"type-post","3":"status-publish","4":"format-standard","5":"has-post-thumbnail","7":"category-toulon","8":"tag-actu","9":"tag-actualites","10":"tag-eu","11":"tag-europe","12":"tag-fr","13":"tag-france","14":"tag-news","15":"tag-provence-alpes-cote-dazur","16":"tag-republique-francaise","17":"tag-toulon"},"share_on_mastodon":{"url":"https:\/\/pubeurope.com\/@fr\/115647917520520033","error":""},"_links":{"self":[{"href":"https:\/\/www.europesays.com\/fr\/wp-json\/wp\/v2\/posts\/572296","targetHints":{"allow":["GET"]}}],"collection":[{"href":"https:\/\/www.europesays.com\/fr\/wp-json\/wp\/v2\/posts"}],"about":[{"href":"https:\/\/www.europesays.com\/fr\/wp-json\/wp\/v2\/types\/post"}],"author":[{"embeddable":true,"href":"https:\/\/www.europesays.com\/fr\/wp-json\/wp\/v2\/users\/2"}],"replies":[{"embeddable":true,"href":"https:\/\/www.europesays.com\/fr\/wp-json\/wp\/v2\/comments?post=572296"}],"version-history":[{"count":0,"href":"https:\/\/www.europesays.com\/fr\/wp-json\/wp\/v2\/posts\/572296\/revisions"}],"wp:featuredmedia":[{"embeddable":true,"href":"https:\/\/www.europesays.com\/fr\/wp-json\/wp\/v2\/media\/572297"}],"wp:attachment":[{"href":"https:\/\/www.europesays.com\/fr\/wp-json\/wp\/v2\/media?parent=572296"}],"wp:term":[{"taxonomy":"category","embeddable":true,"href":"https:\/\/www.europesays.com\/fr\/wp-json\/wp\/v2\/categories?post=572296"},{"taxonomy":"post_tag","embeddable":true,"href":"https:\/\/www.europesays.com\/fr\/wp-json\/wp\/v2\/tags?post=572296"}],"curies":[{"name":"wp","href":"https:\/\/api.w.org\/{rel}","templated":true}]}}