{"id":572310,"date":"2025-12-02T03:56:14","date_gmt":"2025-12-02T03:56:14","guid":{"rendered":"https:\/\/www.europesays.com\/fr\/572310\/"},"modified":"2025-12-02T03:56:14","modified_gmt":"2025-12-02T03:56:14","slug":"strasbourg-previsions-meteo-du-lundi-01-decembre-2025","status":"publish","type":"post","link":"https:\/\/www.europesays.com\/fr\/572310\/","title":{"rendered":"Strasbourg : pr\u00e9visions m\u00e9t\u00e9o du lundi 01 d\u00e9cembre 2025"},"content":{"rendered":"<p>\u00c0 Strasbourg, le lundi 1er d\u00e9cembre 2025, le ciel \u00e9volue d\u2019un matin clair \u00e0 un apr\u00e8s-midi aux \u00e9claircies variables. Les temp\u00e9ratures restent fra\u00eeches, oscillant entre 1 \u00b0C et 6 \u00b0C, sans risque de pluie.<\/p>\n<p>    Matin : fra\u00eecheur s\u00e8che et ciel limpide<\/p>\n<p>Le soleil s\u2019est lev\u00e9 \u00e0 08 h 00, r\u00e9v\u00e9lant aussit\u00f4t un ciel parfaitement d\u00e9gag\u00e9 au-dessus de Strasbourg.<\/p>\n<p>\u00c0 09 h, la temp\u00e9rature affiche <b>1 \u00b0C<\/b>, avec un ressenti de <b>-1 \u00b0C<\/b> en raison d\u2019une humidit\u00e9 tr\u00e8s \u00e9lev\u00e9e (96 %).<\/p>\n<p>Le vent de sud-est demeure discret, \u00e0 3 km\/h, n\u2019apportant aucun brassage suffisant pour r\u00e9chauffer l\u2019atmosph\u00e8re.<\/p>\n<ul>\n<li><b>Pression barom\u00e9trique :<\/b> 1 022 hPa, signe d\u2019une masse d\u2019air encore stable.<\/li>\n<li><b>Indice pluie :<\/b> nul, aucune averse pr\u00e9vue.<\/li>\n<li><b>Conseil sant\u00e9 :<\/b> gants et bonnet indispensables, surtout pour les trajets \u00e0 v\u00e9lo ou en tramway d\u00e9couvert.<\/li>\n<\/ul>\n<p>Les vitres givr\u00e9es risquent de retarder le d\u00e9part des automobilistes ; pr\u00e9voyez cinq minutes pour d\u00e9givrer pare-brise et r\u00e9troviseurs.<\/p>\n<p>Apr\u00e8s-midi : \u00e9claircies timides, ambiance plus douce<\/p>\n<p>Aux environs de 15 h, le ciel devient variable ; de larges plaques nuageuses alternent avec de belles perc\u00e9es bleues.<\/p>\n<p>Le mercure atteint <b>6 \u00b0C<\/b> tandis que le ressenti plafonne \u00e0 <b>3 \u00b0C<\/b>, l\u2019humidit\u00e9 demeurant forte \u00e0 85 %.<\/p>\n<p>Une brise de sud-sud-est se l\u00e8ve, 9 km\/h, mais elle reste insuffisante pour dissiper durablement l\u2019humidit\u00e9 ambiante.<\/p>\n<p>Aucune pr\u00e9cipitation n\u2019est attendue : il est donc possible de fl\u00e2ner sans parapluie entre la place Kl\u00e9ber et les chalets du march\u00e9 de No\u00ebl.<\/p>\n<ul>\n<li><b>Visibilit\u00e9 :<\/b> excellente en centre-ville, l\u00e9g\u00e8rement voil\u00e9e sur la plaine d\u2019Alsace.<\/li>\n<li><b>Confort thermique :<\/b> privil\u00e9giez plusieurs couches l\u00e9g\u00e8res plut\u00f4t qu\u2019une grosse doudoune, afin d\u2019\u00e9viter la surchauffe en int\u00e9rieur.<\/li>\n<li><b>\u00c9nergie :<\/b> faibles besoins en chauffage l\u2019apr\u00e8s-midi gr\u00e2ce au gain de 5 \u00b0C par rapport au matin.<\/li>\n<\/ul>\n<p>Enjeux climat : l\u2019absence de pluie prolonge la s\u00e9cheresse superficielle des sols, un ph\u00e9nom\u00e8ne suivi par M\u00e9t\u00e9o-France et Copernicus.<\/p>\n<p>Soir : humidit\u00e9 montante avant un coucher de soleil pr\u00e9coce<\/p>\n<p>Le soleil se couche \u00e0 16 h 35, laissant place \u00e0 une nuit de plus de quinze heures.<\/p>\n<p>\u00c0 21 h, il fait encore <b>3 \u00b0C<\/b>, mais le ressenti tombe \u00e0 <b>0 \u00b0C<\/b> sous 96 % d\u2019humidit\u00e9.<\/p>\n<p>Le vent, toujours orient\u00e9 sud-est, faiblit \u00e0 4 km\/h, permettant \u00e0 la vapeur d\u2019eau de stagner au-dessus de l\u2019Ill.<\/p>\n<p>Cons\u00e9quences directes : risques de bu\u00e9e sur les pare-brise, chauss\u00e9es lustr\u00e9es autour des ponts et des quais.<\/p>\n<ul>\n<li><b>Transports en commun :<\/b> pr\u00e9voyez quelques minutes de marge, une visibilit\u00e9 fluctuante pouvant ralentir les tramways.<\/li>\n<li><b>\u00c9clairage public :<\/b> activation prolong\u00e9e, incitant \u00e0 mod\u00e9rer la consommation d\u2019\u00e9nergie domestique.<\/li>\n<\/ul>\n<p>Les festivit\u00e9s lumineuses du centre-ville prendront tout leur charme sous ce voile d\u2019humidit\u00e9 qui diffuse les couleurs.<\/p>\n<p>Tendance pour demain : brouillard persistant, temp\u00e9ratures l\u00e9g\u00e8rement en hausse<\/p>\n<p>D\u00e8s la nuit, un brouillard dense s\u2019installera et devrait persister jusqu\u2019en fin de matin\u00e9e du 2 d\u00e9cembre.<\/p>\n<p>Le thermom\u00e8tre repartira \u00e0 <b>1 \u00b0C<\/b> \u00e0 l\u2019aube, puis grimpera jusqu\u2019\u00e0 <b>8 \u00b0C<\/b> sous un vent faible venu du sud (8 km\/h).<\/p>\n<p>La pression au sol poursuivra sa baisse, autour de 997 hPa, t\u00e9moignant d\u2019un flux atlantique plus humide \u00e0 l\u2019approche du week-end.<\/p>\n<p>Attention aux visibilit\u00e9s sous 200 m sur l\u2019A35 et \u00e0 l\u2019a\u00e9roport d\u2019Entzheim ; les vols du matin pourraient \u00eatre retard\u00e9s.<\/p>\n<p>Pour pr\u00e9parer vos d\u00e9placements longue dur\u00e9e, consultez <a href=\"https:\/\/www.meteocity.com\/france\/strasbourg-v2973783\/meteo-15-jours\" target=\"_blank\" rel=\"noopener\">nos pr\u00e9visions \u00e0 quinze jours<\/a>.<\/p>\n","protected":false},"excerpt":{"rendered":"\u00c0 Strasbourg, le lundi 1er d\u00e9cembre 2025, le ciel \u00e9volue d\u2019un matin clair \u00e0 un apr\u00e8s-midi aux \u00e9claircies&hellip;\n","protected":false},"author":2,"featured_media":572311,"comment_status":"","ping_status":"","sticky":false,"template":"","format":"standard","meta":{"footnotes":""},"categories":[2820],"tags":[1111,11,1777,674,1011,27,775,12,25,640],"class_list":{"0":"post-572310","1":"post","2":"type-post","3":"status-publish","4":"format-standard","5":"has-post-thumbnail","7":"category-strasbourg","8":"tag-actu","9":"tag-actualites","10":"tag-eu","11":"tag-europe","12":"tag-fr","13":"tag-france","14":"tag-grand-est","15":"tag-news","16":"tag-republique-francaise","17":"tag-strasbourg"},"share_on_mastodon":{"url":"https:\/\/pubeurope.com\/@fr\/115647963790364921","error":""},"_links":{"self":[{"href":"https:\/\/www.europesays.com\/fr\/wp-json\/wp\/v2\/posts\/572310","targetHints":{"allow":["GET"]}}],"collection":[{"href":"https:\/\/www.europesays.com\/fr\/wp-json\/wp\/v2\/posts"}],"about":[{"href":"https:\/\/www.europesays.com\/fr\/wp-json\/wp\/v2\/types\/post"}],"author":[{"embeddable":true,"href":"https:\/\/www.europesays.com\/fr\/wp-json\/wp\/v2\/users\/2"}],"replies":[{"embeddable":true,"href":"https:\/\/www.europesays.com\/fr\/wp-json\/wp\/v2\/comments?post=572310"}],"version-history":[{"count":0,"href":"https:\/\/www.europesays.com\/fr\/wp-json\/wp\/v2\/posts\/572310\/revisions"}],"wp:featuredmedia":[{"embeddable":true,"href":"https:\/\/www.europesays.com\/fr\/wp-json\/wp\/v2\/media\/572311"}],"wp:attachment":[{"href":"https:\/\/www.europesays.com\/fr\/wp-json\/wp\/v2\/media?parent=572310"}],"wp:term":[{"taxonomy":"category","embeddable":true,"href":"https:\/\/www.europesays.com\/fr\/wp-json\/wp\/v2\/categories?post=572310"},{"taxonomy":"post_tag","embeddable":true,"href":"https:\/\/www.europesays.com\/fr\/wp-json\/wp\/v2\/tags?post=572310"}],"curies":[{"name":"wp","href":"https:\/\/api.w.org\/{rel}","templated":true}]}}