{"id":572314,"date":"2025-12-02T03:58:15","date_gmt":"2025-12-02T03:58:15","guid":{"rendered":"https:\/\/www.europesays.com\/fr\/572314\/"},"modified":"2025-12-02T03:58:15","modified_gmt":"2025-12-02T03:58:15","slug":"l1-incidents-a-nice-deux-joueurs-et-un-dirigeant-pris-a-partie-par-des-supporters-actualites","status":"publish","type":"post","link":"https:\/\/www.europesays.com\/fr\/572314\/","title":{"rendered":"L1: incidents \u00e0 Nice, deux joueurs et un dirigeant pris \u00e0 partie par des supporters : Actualit\u00e9s"},"content":{"rendered":"<p class=\"lead \">La situation devient d\u00e9l\u00e9t\u00e8re \u00e0 Nice: apr\u00e8s une sixi\u00e8me d\u00e9faite d&rsquo;affil\u00e9e dimanche, deux joueurs et le directeur sportif du club ont \u00e9t\u00e9 pris \u00e0 partie physiquement par leurs propres supporters devant le centre d&rsquo;entra\u00eenement, dans la nuit de dimanche \u00e0 lundi.<\/p>\n<p class=\"lead \">D&rsquo;apr\u00e8s plusieurs t\u00e9moins de ces incidents, qui ont eu lieu au retour de Lorient, o\u00f9 l&rsquo;OGCN a \u00e9t\u00e9 battu 3-1 en Ligue 1, les attaquants Terem Moffi et J\u00e9r\u00e9mie Boga, ainsi que le directeur sportif Florian Maurice, ont notamment \u00e9t\u00e9 pris pour cible.<\/p>\n<p class=\"lead \">Selon une source ayant connaissance des incidents, qui a confirm\u00e9 \u00e0 l&rsquo;AFP une information de L&rsquo;Equipe et de RMC, Boga est depuis ce lundi, et pour cinq jours, en ITT (arr\u00eat de travail). Il a \u00e9galement d\u00e9pos\u00e9 plainte contre X. Moffi aurait lui aussi re\u00e7u des coups et serait \u00e9galement en ITT, selon les deux m\u00e9dias sportifs.<\/p>\n<p class=\"lead \">\u00ab\u00a0Ces violences physiques sont intol\u00e9rables\u00a0\u00bb, a r\u00e9agi lundi soir dans un communiqu\u00e9 l&rsquo;UNFP, le syndicat des joueurs, indiquant avoir \u00ab\u00a0imm\u00e9diatement pris contact\u00a0\u00bb avec Boga et Moffi. \u00ab\u00a0Face \u00e0 ces violences et aux plaintes d\u00e9pos\u00e9es, notre syndicat se r\u00e9serve le droit de se constituer partie civile\u00a0\u00bb, a-t-il ajout\u00e9.<\/p>\n<p class=\"lead \">Ces incidents sont intervenus au moment o\u00f9 le club azur\u00e9en sort de six d\u00e9faites cons\u00e9cutives, en championnat et Ligue Europa.<\/p>\n<p class=\"lead \">&#8211; Nice \u00ab\u00a0condamne\u00a0\u00bb &#8211;<\/p>\n<p class=\"lead \">Au retour de Lorient, \u00ab\u00a0400 supporteurs au moins attendaient le car des joueurs devant le portail du centre d&rsquo;entra\u00eenement\u00a0\u00bb, a racont\u00e9 \u00e0 l&rsquo;AFP Maxime Bacqui\u00e9, journaliste d&rsquo;Ici (ex France Bleu) en charge du suivi du club et seul reporter pr\u00e9sent sur place.<\/p>\n<p class=\"lead \">A 23h15, selon la m\u00eame source, ils ont barr\u00e9 le passage du car puis ont allum\u00e9 des fumig\u00e8nes et entonn\u00e9 des chants hostiles. Un de leurs repr\u00e9sentants a \u00e9t\u00e9 autoris\u00e9 \u00e0 monter \u00e0 bord du car pour discuter.<\/p>\n<p class=\"lead \">Parmi les premiers \u00e0 en sortir, Florian Maurice, jug\u00e9 responsable du recrutement d\u00e9faillant de l&rsquo;\u00e9t\u00e9 dernier, a \u00e9t\u00e9 \u00ab\u00a0tr\u00e8s chahut\u00e9\u00a0\u00bb, d&rsquo;apr\u00e8s le journaliste. Il a d\u00fb \u00eatre \u00ab\u00a0exfiltr\u00e9, hagard\u00a0\u00bb, par le service de s\u00e9curit\u00e9.<\/p>\n<p class=\"lead \">Dans un bref communiqu\u00e9 lundi soir, l&rsquo;OGC Nice a dit comprendre \u00ab\u00a0la frustration g\u00e9n\u00e9r\u00e9e par la succession de contre-performances\u00a0\u00bb. \u00ab\u00a0En revanche, les d\u00e9bordements constat\u00e9s durant ce rassemblement sont inacceptables, plusieurs membres du club ayant \u00e9t\u00e9 pris \u00e0 partie. L\u2019OGC Nice leur apporte tout son soutien et condamne ces actes avec la plus grande fermet\u00e9\u00a0\u00bb, a ajout\u00e9 le club azur\u00e9en.<\/p>\n<p class=\"lead \">Contact\u00e9 par l&rsquo;AFP, Maurice n&rsquo;a pas donn\u00e9 suite. Il avait dit apr\u00e8s la d\u00e9faite \u00e0 Lorient: \u00ab\u00a0Notre responsabilit\u00e9 est de faire en sorte que ce groupe puisse (&#8230;) jouer ensemble et dans les moments difficiles r\u00e9agir ensemble. Aujourd&rsquo;hui, ce n&rsquo;est pas le cas\u00a0\u00bb.<\/p>\n<p class=\"lead \">Les d\u00e9bordements ont dur\u00e9 environ 45 minutes, p\u00e9riode durant laquelle l&rsquo;entra\u00eeneur Franck Haise s&rsquo;est efforc\u00e9 d&rsquo;\u00e9changer avec les supporters. Il a reconnu ne pas parvenir \u00e0 faire vivre un groupe ensemble pour la \u00ab\u00a0premi\u00e8re fois\u00a0\u00bb. Mais il a r\u00e9p\u00e9t\u00e9 \u00eatre \u00ab\u00a0pr\u00eat au combat\u00a0\u00bb. Le pr\u00e9sident de l&rsquo;OGCN Fabrice Bocquet n&rsquo;\u00e9tait pas sur place.<\/p>\n<p class=\"lead \">&#8211; Plusieurs incidents r\u00e9cents &#8211;<\/p>\n<p class=\"lead \">Plusieurs incidents ont d\u00e9j\u00e0 impliqu\u00e9 des supporters ni\u00e7ois ces derni\u00e8res saisons.<\/p>\n<p class=\"lead \">En ao\u00fbt 2022, le match Nice-Marseille avait d\u00fb \u00eatre arr\u00eat\u00e9, des ultras de la Tribune Populaire Sud \u00e9tant descendus sur la pelouse pour en d\u00e9coudre avec les joueurs de l&rsquo;OM, notamment Dimitri Payet, pr\u00e9c\u00e9demment touch\u00e9 par une bouteille jet\u00e9e des gradins. En mai de cette m\u00eame ann\u00e9e, un chant insultant envers l&rsquo;ancien attaquant argentin de Nantes Emiliano Sala, d\u00e9c\u00e9d\u00e9 en 2019, avait \u00e9galement \u00e9t\u00e9 unanimement condamn\u00e9.<\/p>\n<p class=\"lead \">D\u00e9but 2025, encore contre Marseille, cette m\u00eame tribune avait exhib\u00e9 une banderole jug\u00e9e \u00ab\u00a0raciste et injurieuse\u00a0\u00bb par l&rsquo;OM et la Ligue. Le club avait dit s&rsquo;y \u00eatre oppos\u00e9 sans succ\u00e8s. La tribune avait \u00e9t\u00e9 ferm\u00e9e trois matches.<\/p>\n<p class=\"lead \">Mi-octobre, lors du match Nice-Lyon, la classe politique locale avait en revanche globalement apport\u00e9 son soutien aux Ultras de la m\u00eame tribune apr\u00e8s l&rsquo;interruption momentan\u00e9e du match \u00e0 cause de chants anti-Daech jug\u00e9s homophobes.<\/p>\n<p class=\"lead \">Dimanche, Nice, 10e avec 17 points, recevra Angers, 12e. Apr\u00e8s deux jours de repos, l&rsquo;\u00e9quipe doit reprendre l&rsquo;entra\u00eenement mercredi.<\/p>\n<p class=\"small font-weight-bold text-gray3 \"> publi\u00e9 le 2 d\u00e9cembre \u00e0 03h08, AFP<\/p>\n<p>                             Partager<\/p>\n","protected":false},"excerpt":{"rendered":"La situation devient d\u00e9l\u00e9t\u00e8re \u00e0 Nice: apr\u00e8s une sixi\u00e8me d\u00e9faite d&rsquo;affil\u00e9e dimanche, deux joueurs et le directeur sportif&hellip;\n","protected":false},"author":2,"featured_media":572315,"comment_status":"","ping_status":"","sticky":false,"template":"","format":"standard","meta":{"footnotes":""},"categories":[2819],"tags":[1111,11,1777,674,2257,1011,18259,27,3309,12,2401,882,25],"class_list":{"0":"post-572314","1":"post","2":"type-post","3":"status-publish","4":"format-standard","5":"has-post-thumbnail","7":"category-nice","8":"tag-actu","9":"tag-actualites","10":"tag-eu","11":"tag-europe","12":"tag-foot","13":"tag-fr","14":"tag-fra","15":"tag-france","16":"tag-l1","17":"tag-news","18":"tag-nice","19":"tag-provence-alpes-cote-dazur","20":"tag-republique-francaise"},"share_on_mastodon":{"url":"https:\/\/pubeurope.com\/@fr\/115647971653056091","error":""},"_links":{"self":[{"href":"https:\/\/www.europesays.com\/fr\/wp-json\/wp\/v2\/posts\/572314","targetHints":{"allow":["GET"]}}],"collection":[{"href":"https:\/\/www.europesays.com\/fr\/wp-json\/wp\/v2\/posts"}],"about":[{"href":"https:\/\/www.europesays.com\/fr\/wp-json\/wp\/v2\/types\/post"}],"author":[{"embeddable":true,"href":"https:\/\/www.europesays.com\/fr\/wp-json\/wp\/v2\/users\/2"}],"replies":[{"embeddable":true,"href":"https:\/\/www.europesays.com\/fr\/wp-json\/wp\/v2\/comments?post=572314"}],"version-history":[{"count":0,"href":"https:\/\/www.europesays.com\/fr\/wp-json\/wp\/v2\/posts\/572314\/revisions"}],"wp:featuredmedia":[{"embeddable":true,"href":"https:\/\/www.europesays.com\/fr\/wp-json\/wp\/v2\/media\/572315"}],"wp:attachment":[{"href":"https:\/\/www.europesays.com\/fr\/wp-json\/wp\/v2\/media?parent=572314"}],"wp:term":[{"taxonomy":"category","embeddable":true,"href":"https:\/\/www.europesays.com\/fr\/wp-json\/wp\/v2\/categories?post=572314"},{"taxonomy":"post_tag","embeddable":true,"href":"https:\/\/www.europesays.com\/fr\/wp-json\/wp\/v2\/tags?post=572314"}],"curies":[{"name":"wp","href":"https:\/\/api.w.org\/{rel}","templated":true}]}}