{"id":572316,"date":"2025-12-02T03:59:18","date_gmt":"2025-12-02T03:59:18","guid":{"rendered":"https:\/\/www.europesays.com\/fr\/572316\/"},"modified":"2025-12-02T03:59:18","modified_gmt":"2025-12-02T03:59:18","slug":"cathos-et-ecolos-ces-nantais-luttent-pour-lenvironnement-et-la-justice-sociale","status":"publish","type":"post","link":"https:\/\/www.europesays.com\/fr\/572316\/","title":{"rendered":"Cathos et \u00e9colos, ces Nantais luttent pour l\u2019environnement et la justice sociale\u00a0:"},"content":{"rendered":"<p>\u00a0J\u2019ai toujours \u00e9t\u00e9 la catho chez les \u00e9colos et l\u2019\u00e9colo chez les cathos. Et je ne comprenais pas pourquoi j\u2019\u00e9tais la seule \u00e0 mettre ces sujets sur la table.\u00a0 Perla Vincent, 24\u00a0ans, est Nantaise depuis quelques mois. Catholique pratiquante, cette doctorante est membre du collectif Lutte et contemplation, n\u00e9 \u00e0 Paris autour d\u2019une mobilisation contre les projets p\u00e9troliers de TotalEnergies en Afrique de l\u2019Est. Puis contre l\u2019extension de l\u2019a\u00e9roport Paris-Beauvais ou encore <a href=\"https:\/\/aurillac.maville.com\/actu\/actudet_-autoroute-a69-les-opposants-denoncent-des-chantiers-illegaux-qui-debordent-du-trace-autorise-_54135-7082963_actu.Htm\" target=\"_blank\" rel=\"noopener\">l\u2019autoroute A69<\/a>. \u00a0Ici, enfin, l\u2019\u00e9cologie et la foi sont r\u00e9unies, appr\u00e9cie la jeune femme.\u00a0Je ne ressens plus cet inconfort permanent.\u00a0<\/p>\n<p>Des marque-pages gliss\u00e9s dans le livre de Zemmour<\/p>\n<p>Initi\u00e9 sur un groupe WhatsApp, ce mouvement \u0153cum\u00e9nique \u2013 principalement compos\u00e9 de catholiques \u2013 a depuis essaim\u00e9 \u00e0 Nantes. Il compte une quinzaine de membres actifs et pr\u00e8s de deux cents sympathisants, selon Fran\u00e7ois Bouan, 29\u00a0ans, militant nantais crois\u00e9, il y a quelques semaines, en amont <a href=\"https:\/\/nantes.maville.com\/actu\/actudet_-projet-de-centre-de-retention-a-nantes-notre-silence-est-une-reponse-aux-elus-qui-le-defendent-_52716-7053447_actu.Htm\" target=\"_self\" rel=\"noopener\">d\u2019une mobilisation de plusieurs associations contre le projet de centre de r\u00e9tention administrative \u00e0 Nantes<\/a> (1).<\/p>\n<p>Dans ces luttes, climat et justice sociale sont \u00e9troitement m\u00eal\u00e9s, spirituel et politique s\u2019imbriquent. \u00a0En prenant pour guide la doctrine sociale de l\u2019\u00c9glise\u00a0, souligne le p\u00e8re de famille, salari\u00e9 de l\u2019universit\u00e9, <a href=\"https:\/\/rennes.maville.com\/actu\/actudet_-mort-du-pape-francois-il-avait-fait-prendre-a-l-eglise-le-virage-de-l-ecologie-integrale-_54135-6774524_actu.Htm\" target=\"_self\" rel=\"noopener\">qui fait r\u00e9f\u00e9rence \u00e0 l\u2019encyclique Laudato si\u2019, manifeste pour le respect de la plan\u00e8te \u00e9dict\u00e9 par le pape Fran\u00e7ois.<\/a><\/p>\n<p>\t<img decoding=\"async\" src=\"https:\/\/www.europesays.com\/fr\/wp-content\/uploads\/2025\/12\/P35613219D7088817G_px_640_.jpg\" alt=\"photo le marque-page gliss\u00e9 dans les livres d\u2019\u00e9ric zemmour, la messe n\u2019est pas dite.  \u00a9  ouest-france\" width=\"640\" title=\" Le marque-page gliss\u00e9 dans les livres d\u2019\u00c9ric Zemmour, La messe n\u2019est pas dite.   Ouest-France \"\/><\/p>\n<p class=\"elmt-legende\"> Le marque-page gliss\u00e9 dans les livres d\u2019\u00c9ric Zemmour, La messe n\u2019est pas dite.   Ouest-France <\/p>\n<p>Il y a quelques semaines, les membres du collectif ont gliss\u00e9 des marque-pages dans le livre La messe n\u2019est pas dite, du patron du parti Reconqu\u00eate \u00c9ric Zemmour, dans les librairies nantaises, comme ailleurs en France. Pour d\u00e9noncer la r\u00e9cup\u00e9ration de la foi catholique par les id\u00e9es d\u2019extr\u00eame droite. \u00a0On ne veut pas le laisser parler en notre nom\u00a0: notre foi, ce n\u2019est pas \u00e7a\u00a0, fustige Perla Vincent.<\/p>\n<p>En rupture avec beaucoup de catholiques<\/p>\n<p>Le collectif veut aussi agir aupr\u00e8s des institutions. Il milite pour que les communaut\u00e9s religieuses n\u2019investissent plus dans des fonds qui financent les \u00e9nergies fossiles. Si le mouvement se dit sans \u00e9tiquette politique, ses luttes rejoignent celles de collectifs ancr\u00e9s \u00e0 gauche, comme Alternatiba, \u00e9cologiste et anticapitaliste. \u00a0Nous ne sommes pas les ados rebelles de l\u2019\u00c9glise\u00a0, glisse Fran\u00e7ois Bouan.<\/p>\n<p>Pour autant, les prises de position du mouvement et ses m\u00e9thodes d\u2019actions ne font pas l\u2019unanimit\u00e9 dans la communaut\u00e9 catholique. \u00a0On n\u2019a pas le sentiment d\u2019\u00eatre en rupture avec l\u2019\u00c9glise, mais avec beaucoup de catholiques\u00a0, souligne Perla Vincent. Rappelant que lors des \u00e9lections europ\u00e9ennes de 2024, 42\u00a0% des pratiquants ont vot\u00e9 pour les partis d\u2019extr\u00eame droite (contre 18\u00a0% en 2019). Du c\u00f4t\u00e9 des institutions religieuses, \u00a0nos id\u00e9es sont appr\u00e9ci\u00e9es, notre posture militante moins\u00a0, r\u00e9sume Fran\u00e7ois Bouan.<\/p>\n<p>Il y a quelques jours, Lutte et contemplation organisait une conf\u00e9rence sur le th\u00e8me Queer et chr\u00e9tien. \u00ab\u00a0\u00catre ouvert \u00e0 tous et toutes, donner la parole \u00e0 des personnes qu\u2019on n\u2019\u00e9coute pas forc\u00e9ment bien, \u00e7a fait partie de nos principes.\u00a0\u00bb<\/p>\n<p>(1) Le collectif Lutte et contemplation, en lien avec le CCFD-Terre solidaire 44, vient de lancer une p\u00e9tition contre le projet de CRA \u00e0 Nantes.<\/p>\n<p>\u00a0<\/p>\n","protected":false},"excerpt":{"rendered":"\u00a0J\u2019ai toujours \u00e9t\u00e9 la catho chez les \u00e9colos et l\u2019\u00e9colo chez les cathos. Et je ne comprenais pas&hellip;\n","protected":false},"author":2,"featured_media":572317,"comment_status":"","ping_status":"","sticky":false,"template":"","format":"standard","meta":{"footnotes":""},"categories":[2818],"tags":[1111,11,68705,51,35352,436,1777,674,68706,1011,27,303,43061,4715,766,12,2636,25,35809,2812],"class_list":{"0":"post-572316","1":"post","2":"type-post","3":"status-publish","4":"format-standard","5":"has-post-thumbnail","7":"category-nantes","8":"tag-actu","9":"tag-actualites","10":"tag-cathos","11":"tag-ecologie","12":"tag-ecolos","13":"tag-environnement","14":"tag-eu","15":"tag-europe","16":"tag-foi","17":"tag-fr","18":"tag-france","19":"tag-justice","20":"tag-luttent","21":"tag-nantais","22":"tag-nantes","23":"tag-news","24":"tag-pays-de-la-loire","25":"tag-republique-francaise","26":"tag-reunies","27":"tag-sociale"},"share_on_mastodon":{"url":"https:\/\/pubeurope.com\/@fr\/115647976492380906","error":""},"_links":{"self":[{"href":"https:\/\/www.europesays.com\/fr\/wp-json\/wp\/v2\/posts\/572316","targetHints":{"allow":["GET"]}}],"collection":[{"href":"https:\/\/www.europesays.com\/fr\/wp-json\/wp\/v2\/posts"}],"about":[{"href":"https:\/\/www.europesays.com\/fr\/wp-json\/wp\/v2\/types\/post"}],"author":[{"embeddable":true,"href":"https:\/\/www.europesays.com\/fr\/wp-json\/wp\/v2\/users\/2"}],"replies":[{"embeddable":true,"href":"https:\/\/www.europesays.com\/fr\/wp-json\/wp\/v2\/comments?post=572316"}],"version-history":[{"count":0,"href":"https:\/\/www.europesays.com\/fr\/wp-json\/wp\/v2\/posts\/572316\/revisions"}],"wp:featuredmedia":[{"embeddable":true,"href":"https:\/\/www.europesays.com\/fr\/wp-json\/wp\/v2\/media\/572317"}],"wp:attachment":[{"href":"https:\/\/www.europesays.com\/fr\/wp-json\/wp\/v2\/media?parent=572316"}],"wp:term":[{"taxonomy":"category","embeddable":true,"href":"https:\/\/www.europesays.com\/fr\/wp-json\/wp\/v2\/categories?post=572316"},{"taxonomy":"post_tag","embeddable":true,"href":"https:\/\/www.europesays.com\/fr\/wp-json\/wp\/v2\/tags?post=572316"}],"curies":[{"name":"wp","href":"https:\/\/api.w.org\/{rel}","templated":true}]}}