{"id":572318,"date":"2025-12-02T04:00:14","date_gmt":"2025-12-02T04:00:14","guid":{"rendered":"https:\/\/www.europesays.com\/fr\/572318\/"},"modified":"2025-12-02T04:00:14","modified_gmt":"2025-12-02T04:00:14","slug":"luis-castro-nen-peut-plus-un-depart-est-prevu","status":"publish","type":"post","link":"https:\/\/www.europesays.com\/fr\/572318\/","title":{"rendered":"Luis Castro n\u2019en peut plus, un d\u00e9part est pr\u00e9vu ?"},"content":{"rendered":"\n<p>\t\t\t\t\t\t\t<img decoding=\"async\" alt=\"Luis CASTRO\" src=\"https:\/\/www.europesays.com\/fr\/wp-content\/uploads\/2025\/06\/ICONSPORT_258857_0060.jpg\"\/><\/p>\n<p>Luis CASTRO, Cr\u00e9dit photo : Icon Sport<\/p>\n<p><strong>Apr\u00e8s la nouvelle d\u00e9faite du FC Nantes face \u00e0 l\u2019OL, Luis Castro n\u2019a pas dig\u00e9r\u00e9 l\u2019expulsion de Junior Mwanga et regrette de ne jamais avoir son groupe au complet. Un d\u00e9part du coach portugais semble de plus en plus in\u00e9vitable.<\/strong><\/p>\n<p data=\"intro\">Le FC Nantes s\u2019est inclin\u00e9 face \u00e0 l\u2019OL (3-0) ce dimanche soir. Une nouvelle mauvaise prestation des Nantais que Luis Castro met sur le compte de la malchance. \u00ab \u00c0 onze ce n\u2019\u00e9tait d\u00e9j\u00e0 pas facile, alors \u00e0 dix\u2026 Moi, je veux retenir ce qu\u2019on a fait \u00e0 onze contre onze. Et puis, ce rouge, ce n\u2019est pas que sur ce match qu\u2019il va faire mal. Lepenant vient \u00e0 peine d\u2019effectuer son retour qu\u2019on perd Mwanga. Nous n\u2019avons jamais tout le monde. J\u2019aimerais qu\u2019on puisse avoir un peu de chance aussi \u00bb, explique le coach portugais en conf\u00e9rence de presse.<\/p>\n<p>Un d\u00e9part \u00e0 l\u2019hiver ?<\/p>\n<p>Avec une victoire sur les onze derniers matchs du FC Nantes, Luis Castro est clairement en danger. Les Canaris veulent assurer leur maintien et ne sont pas s\u00fbrs de la capacit\u00e9 de l\u2019entra\u00eeneur nantais \u00e0 r\u00e9aliser cette t\u00e2che. D\u2019apr\u00e8s les informations de L\u2019\u00c9quipe, Waldemar Kita aurait lanc\u00e9 un ultimatum \u00e0 son coach : s\u2019il n\u2019est pas en danger \u00e0 court terme, un point sera fait lors de la tr\u00eave hivernale pour r\u00e9aliser les ajustements n\u00e9cessaires. L\u2019aventure de Luis Castro au FC Nantes pourrait prendre fin avant 2026.<\/p>\n<p style=\"width:100%;text-align:center;  background-color: #003B6F; padding:5px; border-radius: 10px;color:white;font-size: 20px;\"><a href=\"#graphcomment\" style=\"color:white;\">Voir les commentaires<\/a><\/p>\n<p><\/p>\n<p>\t\t\t\t\t\t&#13;<br \/>\n\t\t\t\t\t\t\t&#13;<\/p>\n","protected":false},"excerpt":{"rendered":"Luis CASTRO, Cr\u00e9dit photo : Icon Sport Apr\u00e8s la nouvelle d\u00e9faite du FC Nantes face \u00e0 l\u2019OL, Luis&hellip;\n","protected":false},"author":2,"featured_media":167240,"comment_status":"","ping_status":"","sticky":false,"template":"","format":"standard","meta":{"footnotes":""},"categories":[2818],"tags":[1111,11,1777,674,1011,27,766,12,2636,25],"class_list":{"0":"post-572318","1":"post","2":"type-post","3":"status-publish","4":"format-standard","5":"has-post-thumbnail","7":"category-nantes","8":"tag-actu","9":"tag-actualites","10":"tag-eu","11":"tag-europe","12":"tag-fr","13":"tag-france","14":"tag-nantes","15":"tag-news","16":"tag-pays-de-la-loire","17":"tag-republique-francaise"},"share_on_mastodon":{"url":"https:\/\/pubeurope.com\/@fr\/115647979681743064","error":""},"_links":{"self":[{"href":"https:\/\/www.europesays.com\/fr\/wp-json\/wp\/v2\/posts\/572318","targetHints":{"allow":["GET"]}}],"collection":[{"href":"https:\/\/www.europesays.com\/fr\/wp-json\/wp\/v2\/posts"}],"about":[{"href":"https:\/\/www.europesays.com\/fr\/wp-json\/wp\/v2\/types\/post"}],"author":[{"embeddable":true,"href":"https:\/\/www.europesays.com\/fr\/wp-json\/wp\/v2\/users\/2"}],"replies":[{"embeddable":true,"href":"https:\/\/www.europesays.com\/fr\/wp-json\/wp\/v2\/comments?post=572318"}],"version-history":[{"count":0,"href":"https:\/\/www.europesays.com\/fr\/wp-json\/wp\/v2\/posts\/572318\/revisions"}],"wp:featuredmedia":[{"embeddable":true,"href":"https:\/\/www.europesays.com\/fr\/wp-json\/wp\/v2\/media\/167240"}],"wp:attachment":[{"href":"https:\/\/www.europesays.com\/fr\/wp-json\/wp\/v2\/media?parent=572318"}],"wp:term":[{"taxonomy":"category","embeddable":true,"href":"https:\/\/www.europesays.com\/fr\/wp-json\/wp\/v2\/categories?post=572318"},{"taxonomy":"post_tag","embeddable":true,"href":"https:\/\/www.europesays.com\/fr\/wp-json\/wp\/v2\/tags?post=572318"}],"curies":[{"name":"wp","href":"https:\/\/api.w.org\/{rel}","templated":true}]}}