{"id":572319,"date":"2025-12-02T04:01:36","date_gmt":"2025-12-02T04:01:36","guid":{"rendered":"https:\/\/www.europesays.com\/fr\/572319\/"},"modified":"2025-12-02T04:01:36","modified_gmt":"2025-12-02T04:01:36","slug":"bordeaux-ouvre-son-nouvel-incubateur-maritime-technoports","status":"publish","type":"post","link":"https:\/\/www.europesays.com\/fr\/572319\/","title":{"rendered":"Bordeaux ouvre son nouvel incubateur maritime Technoports"},"content":{"rendered":"<p>Si tu passes du c\u00f4t\u00e9 de Bacalan, tu sentiras peut-\u00eatre ce mouvement nouveau qui traverse le quartier. Depuis l\u2019inauguration de <a href=\"https:\/\/technowest.com\/hebergement\/technoports-portuaire-maritime-fluvial\/\" target=\"_blank\" rel=\"noreferrer noopener\">Bordeaux Technoports<\/a>, le vendredi 28 novembre, le Grand Port Maritime de Bordeaux (GPMB) n\u2019est plus seulement un acteur logistique : il devient l\u2019un des moteurs de l\u2019innovation maritime fran\u00e7aise.<\/p>\n<p>Install\u00e9 dans <strong>quatre maisons<\/strong> presque centenaires soigneusement r\u00e9nov\u00e9es, l\u2019incubateur t\u2019ouvre une fen\u00eatre sur ce que pourraient devenir les ports de demain. Ici, les startups ne se contentent pas d\u2019imaginer : elles testent, elles exp\u00e9rimentent, elles confrontent leurs id\u00e9es \u00e0 la r\u00e9alit\u00e9 du terrain. Et toi, en tant qu\u2019usager du port, habitant du quartier ou simple curieux, tu peux d\u00e9j\u00e0 sentir cette effervescence qui redessine les contours de <strong>Bacalan<\/strong>.<\/p>\n<p><img fetchpriority=\"high\" decoding=\"async\" width=\"1024\" height=\"768\" src=\"https:\/\/www.europesays.com\/fr\/wp-content\/uploads\/2025\/12\/image-17-1024x768.png\" alt=\"\" class=\"wp-image-87153\" style=\"width:698px;height:auto\"  \/>\u00c0 Bacalan, l\u2019inauguration de Bordeaux Technoports transforme le port en moteur majeur de l\u2019innovation maritime. \u00a9 Mer et Marine <\/p>\n<p>Ce lieu a \u00e9t\u00e9 pens\u00e9 comme un pont entre le pass\u00e9 portuaire et les enjeux d\u2019avenir. En entrant dans ces b\u00e2timents baignant de lumi\u00e8re, tu comprends vite que l\u2019innovation n\u2019est pas hors-sol : elle se nourrit des besoins concrets des entreprises portuaires, des contraintes techniques, des chantiers en activit\u00e9. Gr\u00e2ce \u00e0 la collaboration entre <strong>le GPMB<\/strong> et <strong><a href=\"https:\/\/technowest.com\/hebergement\/technoports-portuaire-maritime-fluvial\/\" target=\"_blank\" rel=\"noreferrer noopener\">Bordeaux Technowest<\/a><\/strong>, les jeunes pousses b\u00e9n\u00e9ficient d\u2019un accompagnement complet, d\u2019un fonds d\u2019amor\u00e7age, de bureaux, d\u2019espaces de coworking et d\u2019un acc\u00e8s direct aux infrastructures portuaires.<\/p>\n<p><strong>Huit startups<\/strong> ont d\u00e9j\u00e0 pris place dans ces nouveaux murs. Elles travaillent sur la d\u00e9carbonation, l\u2019hydrog\u00e8ne, la surveillance environnementale ou encore l\u2019intelligence artificielle appliqu\u00e9e au maritime. Autant de d\u00e9fis cruciaux pour un territoire qui doit composer avec les transitions \u00e9nerg\u00e9tiques et industrielles.<\/p>\n<p><img loading=\"lazy\" decoding=\"async\" width=\"1024\" height=\"1024\" src=\"https:\/\/www.europesays.com\/fr\/wp-content\/uploads\/2025\/12\/image-15.png\" alt=\"\" class=\"wp-image-87151\" style=\"width:528px;height:auto\"  \/>Huit startups y d\u00e9veloppent d\u00e9carbonation, hydrog\u00e8ne, surveillance environnementale et IA maritime, r\u00e9pondant aux grands d\u00e9fis industriels. \u00a9 Le Quotidien Local<\/p>\n<p>Avec cette inauguration, <strong>Bordeaux <\/strong>ne se contente pas d\u2019accueillir un incubateur suppl\u00e9mentaire : elle affirme son ambition de devenir l\u2019un des p\u00f4les majeurs de l\u2019innovation maritime. Dans les rues de Bacalan, l\u2019histoire continue de s\u2019\u00e9crire, mais d\u00e9sormais, elle regarde r\u00e9solument vers l\u2019horizon.<\/p>\n<p>\u00c0 lire aussi : <a href=\"https:\/\/www.bougerabordeaux.com\/actu\/news\/massif-central-les-elus-reclament-une-vraie-liaison-ferroviaire-lyon-bordeaux\/\" target=\"_blank\" rel=\"noreferrer noopener\">Massif central : les \u00e9lus r\u00e9clament une vraie liaison ferroviaire Lyon-Bordeaux<\/a><\/p>\n","protected":false},"excerpt":{"rendered":"Si tu passes du c\u00f4t\u00e9 de Bacalan, tu sentiras peut-\u00eatre ce mouvement nouveau qui traverse le quartier. Depuis&hellip;\n","protected":false},"author":2,"featured_media":572320,"comment_status":"","ping_status":"","sticky":false,"template":"","format":"standard","meta":{"footnotes":""},"categories":[2817],"tags":[1111,11,1997,1777,674,1011,27,12,2219,25],"class_list":{"0":"post-572319","1":"post","2":"type-post","3":"status-publish","4":"format-standard","5":"has-post-thumbnail","7":"category-bordeaux","8":"tag-actu","9":"tag-actualites","10":"tag-bordeaux","11":"tag-eu","12":"tag-europe","13":"tag-fr","14":"tag-france","15":"tag-news","16":"tag-nouvelle-aquitaine","17":"tag-republique-francaise"},"share_on_mastodon":{"url":"https:\/\/pubeurope.com\/@fr\/115647984258311154","error":""},"_links":{"self":[{"href":"https:\/\/www.europesays.com\/fr\/wp-json\/wp\/v2\/posts\/572319","targetHints":{"allow":["GET"]}}],"collection":[{"href":"https:\/\/www.europesays.com\/fr\/wp-json\/wp\/v2\/posts"}],"about":[{"href":"https:\/\/www.europesays.com\/fr\/wp-json\/wp\/v2\/types\/post"}],"author":[{"embeddable":true,"href":"https:\/\/www.europesays.com\/fr\/wp-json\/wp\/v2\/users\/2"}],"replies":[{"embeddable":true,"href":"https:\/\/www.europesays.com\/fr\/wp-json\/wp\/v2\/comments?post=572319"}],"version-history":[{"count":0,"href":"https:\/\/www.europesays.com\/fr\/wp-json\/wp\/v2\/posts\/572319\/revisions"}],"wp:featuredmedia":[{"embeddable":true,"href":"https:\/\/www.europesays.com\/fr\/wp-json\/wp\/v2\/media\/572320"}],"wp:attachment":[{"href":"https:\/\/www.europesays.com\/fr\/wp-json\/wp\/v2\/media?parent=572319"}],"wp:term":[{"taxonomy":"category","embeddable":true,"href":"https:\/\/www.europesays.com\/fr\/wp-json\/wp\/v2\/categories?post=572319"},{"taxonomy":"post_tag","embeddable":true,"href":"https:\/\/www.europesays.com\/fr\/wp-json\/wp\/v2\/tags?post=572319"}],"curies":[{"name":"wp","href":"https:\/\/api.w.org\/{rel}","templated":true}]}}