{"id":572321,"date":"2025-12-02T04:02:16","date_gmt":"2025-12-02T04:02:16","guid":{"rendered":"https:\/\/www.europesays.com\/fr\/572321\/"},"modified":"2025-12-02T04:02:16","modified_gmt":"2025-12-02T04:02:16","slug":"coupe-de-france-lasse-ira-a-nice-lors-des-32es-de-finale-le-puy-recevra-bordeaux","status":"publish","type":"post","link":"https:\/\/www.europesays.com\/fr\/572321\/","title":{"rendered":"Coupe de France\u00a0: l&rsquo;ASSE ira \u00e0 Nice lors des 32es de finale, Le Puy recevra Bordeaux"},"content":{"rendered":"<p>Lors des 32es de finale de la Coupe de France, l&rsquo;AS Saint-\u00c9tienne devra se d\u00e9placer \u00e0 Nice (Ligue 1). De son c\u00f4t\u00e9, Le Puy Foot (N) recevra Bordeaux (N2).<\/p>\n<p>Le tirage au sort des 32es de finale de la Coupe de France de football ont eu lieu ce lundi soir, au Parc des Princes. Large vainqueur au tour pr\u00e9c\u00e9dent du derby lig\u00e9rien face \u00e0 \u00c9cotay-Moingt (11-1), l&rsquo;AS Saint-\u00c9tienne ira d\u00e9fier l&rsquo;OGC Nice, pensionnaire de Ligue 1.<\/p>\n<p>Difficile tombeur au huiti\u00e8me tour du FC Chalon, club de National 3 (1-0), Le Puy Foot recevra Bordeaux, pensionnaire de National 2.<\/p>\n<p>Tombeurs de Feurs au tour pr\u00e9c\u00e9dent, les Hauts-Lyonnais (bas\u00e9s \u00e0 Saint-Symphorien-sur-Coise) iront d\u00e9fier un autre club de National 3, Arcachon.<\/p>\n<p>Les 32es de finale de la Coupe de France auront lieu le week-end du 20 et 21 d\u00e9cembre prochains.<\/p>\n","protected":false},"excerpt":{"rendered":"Lors des 32es de finale de la Coupe de France, l&rsquo;AS Saint-\u00c9tienne devra se d\u00e9placer \u00e0 Nice (Ligue&hellip;\n","protected":false},"author":2,"featured_media":572322,"comment_status":"","ping_status":"","sticky":false,"template":"","format":"standard","meta":{"footnotes":""},"categories":[2817],"tags":[1111,11,1997,1777,674,1011,27,12,2219,25],"class_list":{"0":"post-572321","1":"post","2":"type-post","3":"status-publish","4":"format-standard","5":"has-post-thumbnail","7":"category-bordeaux","8":"tag-actu","9":"tag-actualites","10":"tag-bordeaux","11":"tag-eu","12":"tag-europe","13":"tag-fr","14":"tag-france","15":"tag-news","16":"tag-nouvelle-aquitaine","17":"tag-republique-francaise"},"share_on_mastodon":{"url":"https:\/\/pubeurope.com\/@fr\/115647987370196705","error":""},"_links":{"self":[{"href":"https:\/\/www.europesays.com\/fr\/wp-json\/wp\/v2\/posts\/572321","targetHints":{"allow":["GET"]}}],"collection":[{"href":"https:\/\/www.europesays.com\/fr\/wp-json\/wp\/v2\/posts"}],"about":[{"href":"https:\/\/www.europesays.com\/fr\/wp-json\/wp\/v2\/types\/post"}],"author":[{"embeddable":true,"href":"https:\/\/www.europesays.com\/fr\/wp-json\/wp\/v2\/users\/2"}],"replies":[{"embeddable":true,"href":"https:\/\/www.europesays.com\/fr\/wp-json\/wp\/v2\/comments?post=572321"}],"version-history":[{"count":0,"href":"https:\/\/www.europesays.com\/fr\/wp-json\/wp\/v2\/posts\/572321\/revisions"}],"wp:featuredmedia":[{"embeddable":true,"href":"https:\/\/www.europesays.com\/fr\/wp-json\/wp\/v2\/media\/572322"}],"wp:attachment":[{"href":"https:\/\/www.europesays.com\/fr\/wp-json\/wp\/v2\/media?parent=572321"}],"wp:term":[{"taxonomy":"category","embeddable":true,"href":"https:\/\/www.europesays.com\/fr\/wp-json\/wp\/v2\/categories?post=572321"},{"taxonomy":"post_tag","embeddable":true,"href":"https:\/\/www.europesays.com\/fr\/wp-json\/wp\/v2\/tags?post=572321"}],"curies":[{"name":"wp","href":"https:\/\/api.w.org\/{rel}","templated":true}]}}