{"id":572328,"date":"2025-12-02T04:08:14","date_gmt":"2025-12-02T04:08:14","guid":{"rendered":"https:\/\/www.europesays.com\/fr\/572328\/"},"modified":"2025-12-02T04:08:14","modified_gmt":"2025-12-02T04:08:14","slug":"marseille-apres-14-ans-a-la-sncf-cet-ancien-cheminot-a-change-radicalement-de-vie","status":"publish","type":"post","link":"https:\/\/www.europesays.com\/fr\/572328\/","title":{"rendered":"Marseille. Apr\u00e8s 14 ans \u00e0 la SNCF, cet ancien cheminot a chang\u00e9 radicalement de vie"},"content":{"rendered":"<p>                    Par<br \/>\n        <strong><br \/>\n            <a href=\"https:\/\/actu.fr\/auteur\/thibault-nadal-actu-fr\" title=\"Consulter tous les articles de Thibault Nadal\" target=\"_blank\" rel=\"noopener\">Thibault Nadal<\/a><br \/>\n                    <\/strong><\/p>\n<p>        Publi\u00e9 le<\/p>\n<p>            1 d\u00e9c. 2025 \u00e0 17h08        <\/p>\n<p>C\u2019est devenu sa marque de fabrique. Depuis l\u2019hiver dernier, Pascal Guglielmi commercialise une b\u00fbche de No\u00ebl en forme de train. <strong>\u00ab\u2009Un clin d\u2019\u0153il \u00e0 mon pass\u00e9\u2009\u00bb<\/strong>, r\u00e9sume-t-il. Car avant de diriger une p\u00e2tisserie \u00e0 succ\u00e8s \u00e0 deux pas du <a href=\"https:\/\/actu.fr\/tag\/vieux-port\" target=\"_blank\" rel=\"noopener\">Vieux-Port<\/a>, le quadrag\u00e9naire a en effet travaill\u00e9 14\u00a0ans \u00e0 <a href=\"https:\/\/actu.fr\/tag\/sncf\" target=\"_blank\" rel=\"noopener\">la SNCF<\/a>, en tant que contr\u00f4leur. Pour sa cuv\u00e9e 2025, il a \u00e9galement souhait\u00e9 rendre hommage \u00e0 \u00ab\u2009sa ville d\u2019adoption\u2009\u00bb\u2009: <a href=\"https:\/\/actu.fr\/marseille\/\" target=\"_blank\" rel=\"noopener\">Marseille<\/a>. Sa b\u00fbche signature repr\u00e9sente en effet <strong>le mistral<\/strong>, le train qui reliait Paris \u00e0 Marseille de 1950 \u00e0 1981.<\/p>\n<p>Une p\u00e2tisserie qui \u00ab\u2009invite au voyage\u2009\u00bb<\/p>\n<p class=\" wall-content\">Difficile de gommer 14\u00a0ans de vie en un claquement de doigts. M\u00eame si ce choix \u00e9tait r\u00e9fl\u00e9chi et voulu. Alors dans \u00ab\u2009La P\u00e2tisserie des Marseillais\u2009\u00bb, situ\u00e9e au 28 Grand-Rue (2e), tout \u00ab\u2009est une invitation au voyage\u2009\u00bb, <strong>des couleurs aux noms des g\u00e2teaux<\/strong> qui portent tous celui d\u2019une destination.<\/p>\n<p class=\" wall-content\">Pascal Guglielmi est en effet un adepte du changement. Apr\u00e8s avoir v\u00e9cu dans une pl\u00e9iade de villes, il a pos\u00e9 ses valises \u00e0 Marseille au d\u00e9but de sa vingtaine, m\u00eame s\u2019il la quittait r\u00e9guli\u00e8rement pour exercer <strong>son m\u00e9tier de contr\u00f4leur \u00e0 bord des trains<\/strong>.<\/p>\n<p>    <img   decoding=\"async\" loading=\"lazy\" src=\"https:\/\/www.europesays.com\/fr\/wp-content\/uploads\/2025\/12\/whatsapp-image-2025-12-01-at-140840-960x640.jpeg\" alt=\"Compos\u00e9e de marron et de vanille, la b\u00fbche signature de Pascal Guglielmi est inspir\u00e9 du mistral, un vieux train qui reliait Paris \u00e0 Marseille.\" width=\"960\" height=\"640\"\/><br \/>\n    Compos\u00e9e de marron et de vanille, la b\u00fbche signature de Pascal Guglielmi est inspir\u00e9e du mistral, un vieux train qui reliait Paris \u00e0 Marseille. Elle est vendue 56\u00a0euros pour 8 \u00e0 10 parts. (\u00a9TN \/ actu Marseille)Un changement de vie perturb\u00e9 et un retour sur Marseille<\/p>\n<p class=\" wall-content\">En 2018, son m\u00e9tier ne \u00ab\u2009lui pla\u00eet plus\u2009\u00bb. \u00c9galement lass\u00e9 des orientations prises par la SNCF, le cheminot d\u00e9cide d\u2019emprunter une nouvelle voie en revenant vers le milieu qui a berc\u00e9 son enfance. N\u00e9 \u00e0 Bordeaux (Gironde), Pascal Guglielmi raconte que <strong>ses parents poss\u00e9daient une\u2026 p\u00e2tisserie<\/strong> quand il \u00e9tait enfant. M\u00eame s\u2019il rappelle tout de suite que \u00ab\u2009toute la famille de ma m\u00e8re bossait \u00e0 la SNCF, donc j\u2019avais cette double culture\u2009\u00bb.<\/p>\n<p class=\" wall-content\">Il suit alors une formation pour devenir p\u00e2tissier. Il r\u00e9alise un stage chez Jean-Michel Perruchon, le meilleur ouvrier de France. Mais son ascension est fauch\u00e9e en plein vol par la pand\u00e9mie de Covid-19, alors qu\u2019il souhaitait \u00ab\u2009vivre une nouvelle vie\u2009\u00bb. Son stage chez Fauchon est annul\u00e9, tout comme son d\u00e9part vers les \u00c9tats-Unis. <strong>\u00ab\u2009\u00c7a a cass\u00e9 tous mes plans\u2009\u00bb<\/strong>, reconna\u00eet-il.<\/p>\n<p class=\" wall-content\"><a href=\"https:\/\/www.instagram.com\/p\/DRkmJ7Agr0V\/embed\" title=\"Ouvrir le lien sur Instagram\" target=\"_blank\" rel=\"noopener\">Visualiser le contenu sur Instagram<\/a><\/p>\n<p class=\" wall-content\">Revenu \u00e0 Marseille, Pascal Guglielmi gal\u00e8re au d\u00e9but, est m\u00eame contraint d\u2019\u00eatre salari\u00e9 dans une p\u00e2tisserie en Charente-Maritime, mais il finit par ouvrir son propre \u00e9tablissement en 2021.<\/p>\n<p>Votre r\u00e9gion, votre actu !<\/p>\n<p>Recevez chaque jour les infos qui comptent pour vous.<\/p>\n<p>\t<a href=\"https:\/\/actu.fr\/newsletter\" class=\"ac-btn ac-btn--corner ac-btn--medium ac-btn--blue800\" target=\"_blank\" rel=\"noopener\">S&rsquo;incrire<\/a><br \/>\nDeux m\u00e9tiers aux pr\u00e9ceptes similaires<\/p>\n<p class=\" wall-content\">Pour son cinqui\u00e8me No\u00ebl, l\u2019ancien cheminot savoure sa reconversion qu\u2019il qualifie lui-m\u00eame \u00ab\u2009d\u2019atypique\u2009\u00bb. \u00ab\u2009J\u2019ai <strong>gagn\u00e9 en confort de vie<\/strong>, m\u00eame si je fais beaucoup plus d\u2019heures\u2009\u00bb. Une affirmation qu\u2019il nuance lui-m\u00eame en se rem\u00e9morant son pass\u00e9 de militant syndical.<\/p>\n<p class=\" wall-content\">S\u2019il a donc d\u00e9cid\u00e9 d\u2019emprunter une autre voie, il en garde pr\u00e9cieux souvenirs.<\/p>\n<blockquote class=\"ac-article-quote wall-content\">\n<p>Je suis d\u00e9sormais r\u00e9gl\u00e9 comme une horloge. \u00c0 l&rsquo;\u00e9poque, si je n&rsquo;\u00e9tais pas \u00e0 l&rsquo;heure, le train ne l&rsquo;\u00e9tait pas non plus. C&rsquo;est pareil \u00e0 la p\u00e2tisserie. Si je suis en retard, les g\u00e2teaux ne seront pas pr\u00eats pour l&rsquo;heure d&rsquo;ouverture.<\/p>\n<p>    <strong>Pascal Gugliemi<\/strong><br \/>\n        P\u00e2tissier et ancien cheminot    <\/p><\/blockquote>\n<p class=\" wall-content\">D\u00e9sormais solidement ancr\u00e9 sur terre apr\u00e8s des ann\u00e9es sur les rails, le quadrag\u00e9naire ne ferme pas la porte \u00e0 <strong>l\u2019ouverture d\u2019une deuxi\u00e8me boutique<\/strong> \u00e0 Marseille dans les prochaines ann\u00e9es.<\/p>\n<p>La p\u00e2tisserie des Marseillais est situ\u00e9e au 28 Grand-Rue dans le 2e arrondissement.<br \/>Ouvert du mardi au samedi de 9h \u00e0 19h et le dimanche de 10h \u00e0 13h.<\/p>\n<p class=\" wall-content\">Personnalisez votre actualit\u00e9 en ajoutant vos villes et m\u00e9dias en favori avec <a href=\"https:\/\/moncompte.actu.fr\" title=\"D\u00e9couvez Mon Actu\" rel=\"nofollow noopener\" data-trk=\"{&quot;cta&quot;:{&quot;action&quot;:&quot;https:\\\/\\\/moncompte.actu.fr&quot;,&quot;category&quot;:&quot;mon compte&quot;,&quot;from&quot;:&quot;article footer&quot;,&quot;name&quot;:&quot;Mon actu&quot;,&quot;type&quot;:&quot;cta&quot;}}\" target=\"_blank\">Mon Actu<\/a>.<\/p>\n<p>                    <script async src=\"\/\/www.instagram.com\/embed.js\"><\/script><\/p>\n","protected":false},"excerpt":{"rendered":"Par Thibault Nadal Publi\u00e9 le 1 d\u00e9c. 2025 \u00e0 17h08 C\u2019est devenu sa marque de fabrique. Depuis l\u2019hiver&hellip;\n","protected":false},"author":2,"featured_media":572329,"comment_status":"","ping_status":"","sticky":false,"template":"","format":"standard","meta":{"footnotes":""},"categories":[2814],"tags":[1111,11,215,1777,674,1011,27,1652,884,12,882,25,2215],"class_list":{"0":"post-572328","1":"post","2":"type-post","3":"status-publish","4":"format-standard","5":"has-post-thumbnail","7":"category-marseille","8":"tag-actu","9":"tag-actualites","10":"tag-commerce","11":"tag-eu","12":"tag-europe","13":"tag-fr","14":"tag-france","15":"tag-loisirs-culture","16":"tag-marseille","17":"tag-news","18":"tag-provence-alpes-cote-dazur","19":"tag-republique-francaise","20":"tag-sncf"},"share_on_mastodon":{"url":"https:\/\/pubeurope.com\/@fr\/115648011653914573","error":""},"_links":{"self":[{"href":"https:\/\/www.europesays.com\/fr\/wp-json\/wp\/v2\/posts\/572328","targetHints":{"allow":["GET"]}}],"collection":[{"href":"https:\/\/www.europesays.com\/fr\/wp-json\/wp\/v2\/posts"}],"about":[{"href":"https:\/\/www.europesays.com\/fr\/wp-json\/wp\/v2\/types\/post"}],"author":[{"embeddable":true,"href":"https:\/\/www.europesays.com\/fr\/wp-json\/wp\/v2\/users\/2"}],"replies":[{"embeddable":true,"href":"https:\/\/www.europesays.com\/fr\/wp-json\/wp\/v2\/comments?post=572328"}],"version-history":[{"count":0,"href":"https:\/\/www.europesays.com\/fr\/wp-json\/wp\/v2\/posts\/572328\/revisions"}],"wp:featuredmedia":[{"embeddable":true,"href":"https:\/\/www.europesays.com\/fr\/wp-json\/wp\/v2\/media\/572329"}],"wp:attachment":[{"href":"https:\/\/www.europesays.com\/fr\/wp-json\/wp\/v2\/media?parent=572328"}],"wp:term":[{"taxonomy":"category","embeddable":true,"href":"https:\/\/www.europesays.com\/fr\/wp-json\/wp\/v2\/categories?post=572328"},{"taxonomy":"post_tag","embeddable":true,"href":"https:\/\/www.europesays.com\/fr\/wp-json\/wp\/v2\/tags?post=572328"}],"curies":[{"name":"wp","href":"https:\/\/api.w.org\/{rel}","templated":true}]}}