{"id":572330,"date":"2025-12-02T04:09:23","date_gmt":"2025-12-02T04:09:23","guid":{"rendered":"https:\/\/www.europesays.com\/fr\/572330\/"},"modified":"2025-12-02T04:09:23","modified_gmt":"2025-12-02T04:09:23","slug":"municipales-a-marseille-les-plages-feront-partie-du-debat-des-elections","status":"publish","type":"post","link":"https:\/\/www.europesays.com\/fr\/572330\/","title":{"rendered":"Municipales \u00e0 Marseille: les plages feront partie du d\u00e9bat des \u00e9lections"},"content":{"rendered":"<p>\u00c0 un peu plus de cent jours des municipales, les plages marseillaises s\u2019imposent comme un sujet de campagne. Entre la promesse d\u2019un \u00ab\u00a0axe littoral\u00a0\u00bb port\u00e9e par la droite et le \u00ab\u00a0plan guide\u00a0\u00bb lanc\u00e9 par la mairie de gauche, les Marseillais interrog\u00e9s \u00e0 l\u2019Escale Bor\u00e9ly expriment leurs attentes.<\/p>\n<p>Martine Vassal, candidate de la droite, devrait annoncer qu\u2019elle veut faire du littoral un axe de son programme municipal, promettant un renouveau pour les plages de la ville. La municipalit\u00e9 en place, dirig\u00e9e par Beno\u00eet Payan, a d\u00e9j\u00e0 lanc\u00e9 l\u2019\u00e9laboration d\u2019un \u00ab <a target=\"_blank\" rel=\"nofollow noopener noreferrer\" class=\"IciLink ici-link IciArticleLink g-ici-body-regular-1 underline brand svelte-1chfe2s\" href=\"https:\/\/www.marseille.fr\/logement-urbanisme\/plan-guide-amenagement-littoral-sud\">plan guide\u00a0\u00bb pour le littoral sud<\/a>, qui doit repenser trois kilom\u00e8tres de c\u00f4tes entre le Roucas-Blanc et la Pointe-Rouge. L\u2019\u00e9tude pr\u00e9voit des concertations avec les usagers et doit rendre ses conclusions en 2026. Sur le terrain, comme \u00e0 l\u2019Escale Bor\u00e9ly, les Marseillais disent leur attachement \u00e0 cette question dans <strong>la campagne des municipales.<\/strong><\/p>\n<p>La s\u00e9curit\u00e9 sur les plages<\/p>\n<p>\u00ab\u00a0Le probl\u00e8me, c\u2019est la s\u00e9curit\u00e9\u00a0\u00bb, constat partag\u00e9 par deux Marseillais rencontr\u00e9s au bord de l\u2019eau en cette matin\u00e9e d\u2019hiver. Christine, tout d\u2019abord, avoue ne pas fr\u00e9quenter les plages l\u2019\u00e9t\u00e9\u00a0: \u00ab\u00a0C\u2019est la jungle ici l\u2019\u00e9t\u00e9. Je suis n\u00e9e ici, mais je pr\u00e9f\u00e8re aller aux Lecques, \u00e0 Saint-Cyr\u00a0\u00bb, raconte la sexag\u00e9naire. Didier regrette aussi <strong>les incivilit\u00e9s et les vols<\/strong>, et avoue qu\u2019il ne se baigne jamais en m\u00eame temps que sa femme\u00a0: <strong>\u00ab\u00a0On fait des tours de garde pour surveiller les affaires\u00a0\u00bb<\/strong>, explique ce v\u00e9liplanchiste. \u00ab\u00a0Au final, je ne fais jamais de planche \u00e0 voile ici, alors que j\u2019habite face \u00e0 la mer, et je pr\u00e9f\u00e8re aller dans le Var\u00a0\u00bb, ajoute-t-il, look de surfer, longs cheveux poivre et sel dans le vent d\u2019hiver des plages du Prado.<\/p>\n<p>Moins de bitume, plus d\u2019arbres\u00a0?<\/p>\n<p>L\u2019inqui\u00e9tude de ces deux Marseillais porte aussi sur la saturation en saison estivale et les nuisances qui en r\u00e9sultent pour les riverains. Michelle et Robert estiment que les plages des communes voisines offrent aujourd\u2019hui un meilleur cadre\u00a0: \u00ab\u00a0Bandol et Sanary, c\u2019est joli, il y a des fleurs, des arbres. Ne me dites pas qu\u2019ici les fleurs ne poussent pas\u00a0! \u00bb, r\u00e2le Michelle. Son mari l\u2019appuie\u00a0: \u00ab\u00a0Ici, la plage n\u2019a pas chang\u00e9 depuis 30 ans et \u00e7a se voit. \u00bb <strong>Trop de b\u00e9ton, pas assez de v\u00e9g\u00e9taux<\/strong>, et une Escale Bor\u00e9ly au look us\u00e9\u00a0: c\u2019est ce que d\u00e9crit aussi Medhi, en plein footing le long de la mer. \u00ab\u00a0Pour courir l\u2019hiver, c\u2019est bien. Pour aller \u00e0 la plage en famille ou tra\u00eener au bord de l\u2019eau l\u2019\u00e9t\u00e9, c\u2019est une catastrophe\u00a0\u00bb, raconte le p\u00e8re de famille. Ce constat alimente un enjeu politique\u00a0: faut-il investir davantage dans l\u2019entretien et l\u2019attractivit\u00e9 des plages marseillaises pour concurrencer les littoraux voisins\u00a0?<\/p>\n<p>Le rejet des plages priv\u00e9es<\/p>\n<p>D\u2019autres propositions \u00e9mergent du d\u00e9bat public local\u00a0: <strong>la cr\u00e9ation de plages priv\u00e9es<\/strong>. Aucun des Marseillais crois\u00e9s en cette matin\u00e9e le long de la mer ne semble soutenir cette option. Pire, Yasmina, rencontr\u00e9e en footing \u00e0 l\u2019Escale Bor\u00e9ly, la rejette, r\u00e9volt\u00e9e\u00a0: \u00ab\u00a0C\u2019est la plage de tous les Marseillais, d\u2019o\u00f9 qu\u2019ils viennent. Ce n\u2019est pas en faisant payer les plages qu\u2019on am\u00e9liore les choses. D\u00e9j\u00e0, on a r\u00e9ussi \u00e0 faire reculer les terrasses des caf\u00e9s et restaurants\u00a0\u00bb, raconte la sexag\u00e9naire, avant de faire valoir une priorit\u00e9 diff\u00e9rente\u00a0: am\u00e9liorer les transports pour que tous les Marseillais, quels que soient leurs quartiers, puissent acc\u00e9der facilement \u00e0 la mer, et pour le moins cher possible.<\/p>\n<p>Pour les partis en campagne, ces attentes donnent des pistes d\u2019offre \u00e9lectorale\u00a0: investissements dans l\u2019accueil et les am\u00e9nagements, la s\u00e9curit\u00e9, l\u2019organisation des flux et des parkings, renforcement <strong>des liaisons par transports publics<\/strong>, ou au contraire mesures favorisant des offres payantes et priv\u00e9es. La fa\u00e7on dont chaque camp positionnera ces propositions pourrait peser dans les quartiers littoraux et au-del\u00e0.<\/p>\n<p>\u00c0 lire aussi   <img decoding=\"async\" src=\"https:\/\/www.europesays.com\/fr\/wp-content\/uploads\/2025\/12\/1764648563_214_400x400\" alt=\"\" style=\"--_image-preview:url('data:image\/jpeg;base64,\/9j\/2wBDACgcHiMeGSgjISMtKygwPGRBPDc3PHtYXUlkkYCZlo+AjIqgtObDoKrarYqMyP\/L2u71\/\/\/\/m8H\/\/\/\/6\/+b9\/\/j\/2wBDASstLTw1PHZBQXb4pYyl+Pj4+Pj4+Pj4+Pj4+Pj4+Pj4+Pj4+Pj4+Pj4+Pj4+Pj4+Pj4+Pj4+Pj4+Pj4+Pj4+Pj\/wAARCAAXACoDASIAAhEBAxEB\/8QAGAAAAwEBAAAAAAAAAAAAAAAAAAIDAQT\/xAAYEAEBAQEBAAAAAAAAAAAAAAAAAQISEf\/EABYBAQEBAAAAAAAAAAAAAAAAAAECA\/\/EABYRAQEBAAAAAAAAAAAAAAAAAAAREv\/aAAwDAQACEQMRAD8AXodIzRpWtZxaabKlKeCmKSt9JGjRjglVyACpmKSAJpPIbkBJf\/\/Z');\" loading=\"lazy\" fetchpriority=\"low\" aria-hidden=\"true\" class=\"svelte-1cksh76 rounded\" onload=\"this.__e=event\" onerror=\"this.__e=event\"\/><\/p>\n","protected":false},"excerpt":{"rendered":"\u00c0 un peu plus de cent jours des municipales, les plages marseillaises s\u2019imposent comme un sujet de campagne.&hellip;\n","protected":false},"author":2,"featured_media":572331,"comment_status":"","ping_status":"","sticky":false,"template":"","format":"standard","meta":{"footnotes":""},"categories":[2814],"tags":[1111,11,1777,674,1011,27,884,12,882,25],"class_list":{"0":"post-572330","1":"post","2":"type-post","3":"status-publish","4":"format-standard","5":"has-post-thumbnail","7":"category-marseille","8":"tag-actu","9":"tag-actualites","10":"tag-eu","11":"tag-europe","12":"tag-fr","13":"tag-france","14":"tag-marseille","15":"tag-news","16":"tag-provence-alpes-cote-dazur","17":"tag-republique-francaise"},"share_on_mastodon":{"url":"https:\/\/pubeurope.com\/@fr\/115648015355703317","error":""},"_links":{"self":[{"href":"https:\/\/www.europesays.com\/fr\/wp-json\/wp\/v2\/posts\/572330","targetHints":{"allow":["GET"]}}],"collection":[{"href":"https:\/\/www.europesays.com\/fr\/wp-json\/wp\/v2\/posts"}],"about":[{"href":"https:\/\/www.europesays.com\/fr\/wp-json\/wp\/v2\/types\/post"}],"author":[{"embeddable":true,"href":"https:\/\/www.europesays.com\/fr\/wp-json\/wp\/v2\/users\/2"}],"replies":[{"embeddable":true,"href":"https:\/\/www.europesays.com\/fr\/wp-json\/wp\/v2\/comments?post=572330"}],"version-history":[{"count":0,"href":"https:\/\/www.europesays.com\/fr\/wp-json\/wp\/v2\/posts\/572330\/revisions"}],"wp:featuredmedia":[{"embeddable":true,"href":"https:\/\/www.europesays.com\/fr\/wp-json\/wp\/v2\/media\/572331"}],"wp:attachment":[{"href":"https:\/\/www.europesays.com\/fr\/wp-json\/wp\/v2\/media?parent=572330"}],"wp:term":[{"taxonomy":"category","embeddable":true,"href":"https:\/\/www.europesays.com\/fr\/wp-json\/wp\/v2\/categories?post=572330"},{"taxonomy":"post_tag","embeddable":true,"href":"https:\/\/www.europesays.com\/fr\/wp-json\/wp\/v2\/tags?post=572330"}],"curies":[{"name":"wp","href":"https:\/\/api.w.org\/{rel}","templated":true}]}}