{"id":572332,"date":"2025-12-02T04:10:22","date_gmt":"2025-12-02T04:10:22","guid":{"rendered":"https:\/\/www.europesays.com\/fr\/572332\/"},"modified":"2025-12-02T04:10:22","modified_gmt":"2025-12-02T04:10:22","slug":"rhone-rhone-cette-lyonnaise-a-developpe-des-outils-numeriques-dassistance-et-dapprentissage","status":"publish","type":"post","link":"https:\/\/www.europesays.com\/fr\/572332\/","title":{"rendered":"Rh\u00f4ne. Rh\u00f4ne. Cette Lyonnaise a d\u00e9velopp\u00e9 des outils num\u00e9riques d\u2019assistance et d\u2019apprentissage"},"content":{"rendered":"<p>Il faut voir la joie dans les yeux d\u2019Hafida, r\u00e9sidente de la Maison d\u2019accueil sp\u00e9cialis\u00e9e (MAS) Michel Chapuis de D\u00e9cines, pour comprendre ce qu\u2019elle ressent au moment o\u00f9 elle r\u00e9ussit \u00e0 constituer le puzzle sur la tablette. \u00c0 ses c\u00f4t\u00e9s, Sarah Cherruault a d\u00e9velopp\u00e9 avec l\u2019entreprise Auticiel l\u2019application que la jeune femme atteinte de troubles autistiques s\u00e9v\u00e8res utilise. \u00ab\u00a0Notre suite d\u2019applications Amikeo aide les utilisateurs, quels que soient leur profil et leur handicap, \u00e0 communiquer, se rep\u00e9rer dans le temps, effectuer des t\u00e2ches en autonomie ou encore travailler, explique la dirigeante lyonnaise de 36 ans. Cette solution num\u00e9rique permet de d\u00e9velopper d\u2019autres comp\u00e9tences, du vocabulaire par exemple. Et aussi d\u2019enregistrer de nombreuses statistiques pour suivre les progr\u00e8s r\u00e9alis\u00e9s.\u00a0\u00bb<\/p>\n<p>Toutes les applications&#8230;<\/p>\n","protected":false},"excerpt":{"rendered":"Il faut voir la joie dans les yeux d\u2019Hafida, r\u00e9sidente de la Maison d\u2019accueil sp\u00e9cialis\u00e9e (MAS) Michel Chapuis&hellip;\n","protected":false},"author":2,"featured_media":572333,"comment_status":"","ping_status":"","sticky":false,"template":"","format":"standard","meta":{"footnotes":""},"categories":[1889],"tags":[1111,11,2430,33,341,1777,674,107,1011,27,1943,5015,2428,12,25,801,104,216],"class_list":{"0":"post-572332","1":"post","2":"type-post","3":"status-publish","4":"format-standard","5":"has-post-thumbnail","7":"category-lyon","8":"tag-actu","9":"tag-actualites","10":"tag-auvergne-rhone-alpes","11":"tag-economie","12":"tag-emploi","13":"tag-eu","14":"tag-europe","15":"tag-fil-info","16":"tag-fr","17":"tag-france","18":"tag-handicap","19":"tag-innovation-et-start-up","20":"tag-lyon","21":"tag-news","22":"tag-republique-francaise","23":"tag-social","24":"tag-societe","25":"tag-vie-des-entreprises"},"share_on_mastodon":{"url":"https:\/\/pubeurope.com\/@fr\/115648018745409830","error":""},"_links":{"self":[{"href":"https:\/\/www.europesays.com\/fr\/wp-json\/wp\/v2\/posts\/572332","targetHints":{"allow":["GET"]}}],"collection":[{"href":"https:\/\/www.europesays.com\/fr\/wp-json\/wp\/v2\/posts"}],"about":[{"href":"https:\/\/www.europesays.com\/fr\/wp-json\/wp\/v2\/types\/post"}],"author":[{"embeddable":true,"href":"https:\/\/www.europesays.com\/fr\/wp-json\/wp\/v2\/users\/2"}],"replies":[{"embeddable":true,"href":"https:\/\/www.europesays.com\/fr\/wp-json\/wp\/v2\/comments?post=572332"}],"version-history":[{"count":0,"href":"https:\/\/www.europesays.com\/fr\/wp-json\/wp\/v2\/posts\/572332\/revisions"}],"wp:featuredmedia":[{"embeddable":true,"href":"https:\/\/www.europesays.com\/fr\/wp-json\/wp\/v2\/media\/572333"}],"wp:attachment":[{"href":"https:\/\/www.europesays.com\/fr\/wp-json\/wp\/v2\/media?parent=572332"}],"wp:term":[{"taxonomy":"category","embeddable":true,"href":"https:\/\/www.europesays.com\/fr\/wp-json\/wp\/v2\/categories?post=572332"},{"taxonomy":"post_tag","embeddable":true,"href":"https:\/\/www.europesays.com\/fr\/wp-json\/wp\/v2\/tags?post=572332"}],"curies":[{"name":"wp","href":"https:\/\/api.w.org\/{rel}","templated":true}]}}