{"id":572334,"date":"2025-12-02T04:11:15","date_gmt":"2025-12-02T04:11:15","guid":{"rendered":"https:\/\/www.europesays.com\/fr\/572334\/"},"modified":"2025-12-02T04:11:15","modified_gmt":"2025-12-02T04:11:15","slug":"1-morte-et-1-blessee-grave","status":"publish","type":"post","link":"https:\/\/www.europesays.com\/fr\/572334\/","title":{"rendered":"1 morte et 1 bless\u00e9e grave"},"content":{"rendered":"<p itemprop=\"description\"><strong>Ce dimanche soir, un premier accident s&rsquo;est produit sur l&rsquo;A7 \u00e0 hauteur de Saint-Fons, dans le sens Lyon\/Marseille.<\/strong><\/p>\n<p><strong>Mise \u00e0 jour :<\/strong> La seconde victime, hospitalis\u00e9e dans un \u00e9tat critique, est finalement d\u00e9c\u00e9d\u00e9e dans la nuit. Selon le <a href=\"https:\/\/www.leparisien.fr\/faits-divers\/deux-jeunes-femmes-mortellement-fauchees-apres-un-accident-sur-la7-pres-de-lyon-le-conducteur-positif-a-lalcool-et-au-cannabis-01-12-2025-LNII7YR2FVHRFAUBF7AL2UIY5E.php\" target=\"_blank\" rel=\"noopener\">Parisien<\/a>, le conducteur du second v\u00e9hicule, un homme de 30 ans originaire d\u2019Oullins, a \u00e9t\u00e9 interpell\u00e9 imm\u00e9diatement apr\u00e8s le choc.<\/p>\n<p>Test\u00e9 positif \u00e0 l\u2019alcool et aux stup\u00e9fiants \u2014 notamment au THC \u2014 il circulait au volant d\u2019une voiture de location. Une enqu\u00eate est en cours pour pr\u00e9ciser les circonstances exactes du suraccident.<\/p>\n<p><strong>Article initial 7h : <\/strong>Dans des circonstances encore floues, une automobiliste a perdu le contr\u00f4le de son v\u00e9hicule vers 23h. Un aquaplaning qui a immobilis\u00e9 la voiture en plein milieu des voies.<\/p>\n<p>Pour une raison encore inconnue, deux femmes sont sorties de l&rsquo;habitacle pour marcher sur l&rsquo;autoroute. C&rsquo;est l\u00e0 qu&rsquo;elles ont \u00e9t\u00e9 violemment percut\u00e9es par un v\u00e9hicule.<\/p>\n<p>Une femme de 27 ans est d\u00e9c\u00e9d\u00e9e sur place, malgr\u00e9 l&rsquo;intervention des secours. L&rsquo;autre victime, \u00e2g\u00e9e de 25 ans, a \u00e9t\u00e9 prise en charge dans un \u00e9tat grave puis hospitalis\u00e9e.<\/p>\n<p>Une enqu\u00eate a \u00e9t\u00e9 ouverte.<\/p>\n","protected":false},"excerpt":{"rendered":"Ce dimanche soir, un premier accident s&rsquo;est produit sur l&rsquo;A7 \u00e0 hauteur de Saint-Fons, dans le sens Lyon\/Marseille.&hellip;\n","protected":false},"author":2,"featured_media":572335,"comment_status":"","ping_status":"","sticky":false,"template":"","format":"standard","meta":{"footnotes":""},"categories":[1889],"tags":[1111,11,2813,2190,2430,1109,251,1112,2811,1777,674,118,1011,27,1922,1110,1114,2428,2810,12,241,316,25,2812,517,800],"class_list":{"0":"post-572334","1":"post","2":"type-post","3":"status-publish","4":"format-standard","5":"has-post-thumbnail","7":"category-lyon","8":"tag-actu","9":"tag-actualites","10":"tag-article","11":"tag-asvel","12":"tag-auvergne-rhone-alpes","13":"tag-breves","14":"tag-culture","15":"tag-depeches","16":"tag-economique","17":"tag-eu","18":"tag-europe","19":"tag-faits-divers","20":"tag-fr","21":"tag-france","22":"tag-info","23":"tag-informations","24":"tag-infos","25":"tag-lyon","26":"tag-lyonmag","27":"tag-news","28":"tag-ol","29":"tag-politique","30":"tag-republique-francaise","31":"tag-sociale","32":"tag-sport","33":"tag-transports"},"share_on_mastodon":{"url":"https:\/\/pubeurope.com\/@fr\/115648022871893040","error":""},"_links":{"self":[{"href":"https:\/\/www.europesays.com\/fr\/wp-json\/wp\/v2\/posts\/572334","targetHints":{"allow":["GET"]}}],"collection":[{"href":"https:\/\/www.europesays.com\/fr\/wp-json\/wp\/v2\/posts"}],"about":[{"href":"https:\/\/www.europesays.com\/fr\/wp-json\/wp\/v2\/types\/post"}],"author":[{"embeddable":true,"href":"https:\/\/www.europesays.com\/fr\/wp-json\/wp\/v2\/users\/2"}],"replies":[{"embeddable":true,"href":"https:\/\/www.europesays.com\/fr\/wp-json\/wp\/v2\/comments?post=572334"}],"version-history":[{"count":0,"href":"https:\/\/www.europesays.com\/fr\/wp-json\/wp\/v2\/posts\/572334\/revisions"}],"wp:featuredmedia":[{"embeddable":true,"href":"https:\/\/www.europesays.com\/fr\/wp-json\/wp\/v2\/media\/572335"}],"wp:attachment":[{"href":"https:\/\/www.europesays.com\/fr\/wp-json\/wp\/v2\/media?parent=572334"}],"wp:term":[{"taxonomy":"category","embeddable":true,"href":"https:\/\/www.europesays.com\/fr\/wp-json\/wp\/v2\/categories?post=572334"},{"taxonomy":"post_tag","embeddable":true,"href":"https:\/\/www.europesays.com\/fr\/wp-json\/wp\/v2\/tags?post=572334"}],"curies":[{"name":"wp","href":"https:\/\/api.w.org\/{rel}","templated":true}]}}