{"id":572338,"date":"2025-12-02T04:17:17","date_gmt":"2025-12-02T04:17:17","guid":{"rendered":"https:\/\/www.europesays.com\/fr\/572338\/"},"modified":"2025-12-02T04:17:17","modified_gmt":"2025-12-02T04:17:17","slug":"edito-un-ukrainien-a-paris","status":"publish","type":"post","link":"https:\/\/www.europesays.com\/fr\/572338\/","title":{"rendered":"[\u00c9dito] Un Ukrainien \u00e0 Paris"},"content":{"rendered":"<p>Deux pr\u00e9sidents affaiblis se sont retrouv\u00e9s, lundi, \u00e0 l\u2019\u00c9lys\u00e9e. L\u2019un \u00e9puis\u00e9 par une guerre \u00e0 laquelle son peuple r\u00e9siste de fa\u00e7on h\u00e9ro\u00efque. Et qu\u2019un scandale de corruption fragilise en l\u2019ayant oblig\u00e9 \u00e0 se s\u00e9parer de son bras droit. L\u2019autre tr\u00e8s impopulaire et dont le gouvernement est paralys\u00e9, incapable de faire des choix budg\u00e9taires r\u00e9alistes au risque d\u2019hypoth\u00e9quer gravement son avenir. Emmanuel Macron, dont la cr\u00e9dibilit\u00e9 s\u2019est \u00e9rod\u00e9e en Europe, soutient fermement Volodymyr Zelensky comme la corde soutient le pendu. Tout en devant m\u00e9nager Donald Trump, le seul \u00e0 peser r\u00e9ellement sur l\u2019issue du conflit pour de mauvaises raisons. C\u2019est que, malgr\u00e9 ses proclamations guerri\u00e8res, le chef de l\u2019\u00c9tat ne sait m\u00eame pas si le budget fran\u00e7ais de la D\u00e9fense, en relative augmentation, sera vot\u00e9. Seule l\u2019Allemagne se donne les moyens d\u2019un r\u00e9el r\u00e9armement. Certes, l\u2019Europe, qui n\u2019\u00e9tait m\u00eame pas convi\u00e9e aux n\u00e9gociations de Gen\u00e8ve, a marqu\u00e9 quelques points. Le scandaleux plan am\u00e9ricain avalisant toutes les demandes russes a \u00e9t\u00e9 ramen\u00e9 de 28 \u00e0 19 points. Les dirigeants europ\u00e9ens comme le pr\u00e9sident ukrainien ont eu la sagesse de ne pas s\u2019opposer frontalement au chef de la Maison Blanche. Et on ne peut les soup\u00e7onner d\u2019assurer leur survie politique par une escalade guerri\u00e8re. Mais la question brutalement pos\u00e9e par le g\u00e9n\u00e9ral Mandon est de savoir comment fortifier l\u2019esprit de d\u00e9fense dans un pays qui traverse d\u2019abord une guerre civile larv\u00e9e. Sans \u00eatre directement menac\u00e9 par l\u2019\u00e9tranger, d\u2019autant qu\u2019il est prot\u00e9g\u00e9 par sa force de dissuasion. En revanche les provocations r\u00e9currentes de la Russie \u00e0 l\u2019\u00e9gard des pays de l\u2019Otan doivent \u00eatre fermement contr\u00e9es, comme nagu\u00e8re par le d\u00e9ploiement des euromissiles face \u00e0 l&rsquo;URSS durant la Guerre froide. Mais Poutine veut-il vraiment faire la paix, m\u00eame \u00e0 ses conditions\u00a0? Son jusqu\u2019au-boutisme pourrait \u00eatre le meilleur atout des Europ\u00e9ens livr\u00e9s \u00e0 eux-m\u00eames.<\/p>\n","protected":false},"excerpt":{"rendered":"Deux pr\u00e9sidents affaiblis se sont retrouv\u00e9s, lundi, \u00e0 l\u2019\u00c9lys\u00e9e. L\u2019un \u00e9puis\u00e9 par une guerre \u00e0 laquelle son peuple&hellip;\n","protected":false},"author":2,"featured_media":572339,"comment_status":"","ping_status":"","sticky":false,"template":"","format":"standard","meta":{"footnotes":""},"categories":[1888],"tags":[1111,1928,11,1927,1073,1777,674,1011,27,131,12,1926,1427,626,1925,25,134],"class_list":{"0":"post-572338","1":"post","2":"type-post","3":"status-publish","4":"format-standard","5":"has-post-thumbnail","7":"category-paris","8":"tag-actu","9":"tag-actu-paris","10":"tag-actualites","11":"tag-actualites-paris","12":"tag-emmanuel-macron","13":"tag-eu","14":"tag-europe","15":"tag-fr","16":"tag-france","17":"tag-guerre-en-ukraine","18":"tag-news","19":"tag-news-paris","20":"tag-opinions","21":"tag-paris","22":"tag-paris-news","23":"tag-republique-francaise","24":"tag-volodymyr-zelensky"},"share_on_mastodon":{"url":"https:\/\/pubeurope.com\/@fr\/115648046286934102","error":""},"_links":{"self":[{"href":"https:\/\/www.europesays.com\/fr\/wp-json\/wp\/v2\/posts\/572338","targetHints":{"allow":["GET"]}}],"collection":[{"href":"https:\/\/www.europesays.com\/fr\/wp-json\/wp\/v2\/posts"}],"about":[{"href":"https:\/\/www.europesays.com\/fr\/wp-json\/wp\/v2\/types\/post"}],"author":[{"embeddable":true,"href":"https:\/\/www.europesays.com\/fr\/wp-json\/wp\/v2\/users\/2"}],"replies":[{"embeddable":true,"href":"https:\/\/www.europesays.com\/fr\/wp-json\/wp\/v2\/comments?post=572338"}],"version-history":[{"count":0,"href":"https:\/\/www.europesays.com\/fr\/wp-json\/wp\/v2\/posts\/572338\/revisions"}],"wp:featuredmedia":[{"embeddable":true,"href":"https:\/\/www.europesays.com\/fr\/wp-json\/wp\/v2\/media\/572339"}],"wp:attachment":[{"href":"https:\/\/www.europesays.com\/fr\/wp-json\/wp\/v2\/media?parent=572338"}],"wp:term":[{"taxonomy":"category","embeddable":true,"href":"https:\/\/www.europesays.com\/fr\/wp-json\/wp\/v2\/categories?post=572338"},{"taxonomy":"post_tag","embeddable":true,"href":"https:\/\/www.europesays.com\/fr\/wp-json\/wp\/v2\/tags?post=572338"}],"curies":[{"name":"wp","href":"https:\/\/api.w.org\/{rel}","templated":true}]}}