{"id":572340,"date":"2025-12-02T04:18:20","date_gmt":"2025-12-02T04:18:20","guid":{"rendered":"https:\/\/www.europesays.com\/fr\/572340\/"},"modified":"2025-12-02T04:18:20","modified_gmt":"2025-12-02T04:18:20","slug":"paris-luxury-summit-12-pascale-miguet-publicis-media-luxe-image-2","status":"publish","type":"post","link":"https:\/\/www.europesays.com\/fr\/572340\/","title":{"rendered":"Paris Luxury Summit #12 : Pascale Miguet (Publicis Media Luxe) &#8211; Image"},"content":{"rendered":"<p>Pour sa 12\u00e8me \u00e9dition organis\u00e9e par CB News et Publicis Media, le Paris Luxury Summit se d\u00e9roulera le mardi 9 septembre sur le th\u00e8me \u00ab\u00a0Time to reload\u00a0\u00bb. Dans le cadre du th\u00e9\u00e2tre Marigny, l\u2019\u00e9v\u00e9nement propos\u00e9 en partenariat avec l\u2019ACPM, Audi, Canal+ Brand Solutions, Daum, ELLE, IFOP, LVMH, Meta et Pinterest, propose une plong\u00e9e au c\u0153ur des enjeux et des chemins de renouveau du luxe. CB News donne la parole \u00e0 ses partenaires. Aujourd&rsquo;hui, Pascale Miguet, pr\u00e9sidente de Publicis Media Luxe.\n<\/p>\n<p>Pour s\u2019inscrire \u00e0 l&rsquo;\u00e9v\u00e9nement, c\u2019est \u25ba\u00a0<a href=\"https:\/\/evenements.cbnews.fr\/paris-luxury-summit-12\" rel=\"noopener\" target=\"_blank\">ici<\/a>.<\/p>\n<p>La VIDEO<\/p>\n","protected":false},"excerpt":{"rendered":"Pour sa 12\u00e8me \u00e9dition organis\u00e9e par CB News et Publicis Media, le Paris Luxury Summit se d\u00e9roulera le&hellip;\n","protected":false},"author":2,"featured_media":571531,"comment_status":"","ping_status":"","sticky":false,"template":"","format":"standard","meta":{"footnotes":""},"categories":[1888],"tags":[1111,1928,11,1927,1777,674,1011,27,12,1926,626,1925,25],"class_list":{"0":"post-572340","1":"post","2":"type-post","3":"status-publish","4":"format-standard","5":"has-post-thumbnail","7":"category-paris","8":"tag-actu","9":"tag-actu-paris","10":"tag-actualites","11":"tag-actualites-paris","12":"tag-eu","13":"tag-europe","14":"tag-fr","15":"tag-france","16":"tag-news","17":"tag-news-paris","18":"tag-paris","19":"tag-paris-news","20":"tag-republique-francaise"},"share_on_mastodon":{"url":"https:\/\/pubeurope.com\/@fr\/115648050300149489","error":""},"_links":{"self":[{"href":"https:\/\/www.europesays.com\/fr\/wp-json\/wp\/v2\/posts\/572340","targetHints":{"allow":["GET"]}}],"collection":[{"href":"https:\/\/www.europesays.com\/fr\/wp-json\/wp\/v2\/posts"}],"about":[{"href":"https:\/\/www.europesays.com\/fr\/wp-json\/wp\/v2\/types\/post"}],"author":[{"embeddable":true,"href":"https:\/\/www.europesays.com\/fr\/wp-json\/wp\/v2\/users\/2"}],"replies":[{"embeddable":true,"href":"https:\/\/www.europesays.com\/fr\/wp-json\/wp\/v2\/comments?post=572340"}],"version-history":[{"count":0,"href":"https:\/\/www.europesays.com\/fr\/wp-json\/wp\/v2\/posts\/572340\/revisions"}],"wp:featuredmedia":[{"embeddable":true,"href":"https:\/\/www.europesays.com\/fr\/wp-json\/wp\/v2\/media\/571531"}],"wp:attachment":[{"href":"https:\/\/www.europesays.com\/fr\/wp-json\/wp\/v2\/media?parent=572340"}],"wp:term":[{"taxonomy":"category","embeddable":true,"href":"https:\/\/www.europesays.com\/fr\/wp-json\/wp\/v2\/categories?post=572340"},{"taxonomy":"post_tag","embeddable":true,"href":"https:\/\/www.europesays.com\/fr\/wp-json\/wp\/v2\/tags?post=572340"}],"curies":[{"name":"wp","href":"https:\/\/api.w.org\/{rel}","templated":true}]}}