{"id":572351,"date":"2025-12-02T04:24:15","date_gmt":"2025-12-02T04:24:15","guid":{"rendered":"https:\/\/www.europesays.com\/fr\/572351\/"},"modified":"2025-12-02T04:24:15","modified_gmt":"2025-12-02T04:24:15","slug":"paroles-de-migrants-expulses-du-royaume-uni-vers-la-france","status":"publish","type":"post","link":"https:\/\/www.europesays.com\/fr\/572351\/","title":{"rendered":"paroles de migrants expuls\u00e9s du Royaume-Uni vers la France"},"content":{"rendered":"\n<p>Afran, un demandeur d\u2019asile iranien, est assis mis\u00e9rablement en face d\u2019un centre d\u2019accueil parisien, enserr\u00e9 entre les immenses dalles de bitume et le rugissement des trains au-dessus de sa t\u00eate. Il se trouvait d\u00e9j\u00e0 ici peu de temps auparavant, il y a sept semaines pr\u00e9cis\u00e9ment. La seconde fois, dit-il, est aussi terrifiante que la premi\u00e8re.<\/p>\n<p>Afran \u2013 ce n\u2019est pas son vrai pr\u00e9nom \u2013 a fait la une des m\u00e9dias lorsqu\u2019il est devenu le premier demandeur d\u2019asile \u00e0 retourner au Royaume-Uni \u00e0 bord d\u2019un canot pneumatique, le 19\u00a0septembre, apr\u00e8s avoir \u00e9t\u00e9 expuls\u00e9 vers la France en vertu de <a href=\"https:\/\/www.courrierinternational.com\/article\/manche-one-in-one-out-londres-et-paris-sur-le-point-de-signer-un-accord-migratoire_232490\" target=\"_blank\" rel=\"noopener\">l\u2019accord controvers\u00e9 \u201cone in, one out\u201d <\/a>[\u201cune entr\u00e9e, un d\u00e9part\u201d]. Il a \u00e9t\u00e9 renvoy\u00e9 \u00e0 Paris pour la seconde fois le 5\u00a0novembre.<\/p>\n<p>\u201cFrance, Royaume-Uni, France, Royaume-Uni, France\u2026 Ce n\u2019est pas moi qui choisis, se d\u00e9sole-t-il. Je suis all\u00e9 en Angleterre deux fois parce que j\u2019avais l\u2019impression de ne pas avoir d\u2019autre choix. Les passeurs dans le nord de la France m\u2019ont agress\u00e9 et menac\u00e9 de mort avant ma premi\u00e8re travers\u00e9e, le 6\u00a0ao\u00fbt. Quand le minist\u00e8re de l\u2019Int\u00e9rieur m\u2019a renvoy\u00e9 ici, j\u2019ai cru que les passeurs \u00e9taient toujours \u00e0 ma recherche. Je continue de le croire. J\u2019ai peur d\u00e8s que je sors du foyer. Je ne suis pas en s\u00e9curit\u00e9 ici.\u201d<\/p>\n<p> Les limites de la dissuasion <\/p>\n<p>Afran se trouve en compagnie de trois autres per<\/p>\n<p>  Offres sp\u00e9ciales  Pour lire la suite de cet article, abonnez-vous <\/p>\n<p class=\"paywall-text\">Acc\u00e9dez \u00e0\u00a0l\u2019int\u00e9gralit\u00e9 de\u00a0nos contenus sur le\u00a0site et\u00a0l\u2019application en\u00a0vous abonnant \u00e0\u00a0<strong>l\u2019offre sp\u00e9ciale.<\/strong><\/p>\n<p class=\"price\">D\u00e8s <strong>3,99\u00a0\u20ac<\/strong>\/mois<\/p>\n<p> Sans engagement \u2022 R\u00e9siliable en ligne                <\/p>\n<p class=\"article-authors\">                         <a href=\"https:\/\/www.courrierinternational.com\/auteur\/diane-taylor\" target=\"_blank\" rel=\"noopener\">Diane Taylor<\/a>    <\/p>\n<p class=\"article-vo\"><a href=\"https:\/\/www.theguardian.com\/uk-news\/ng-interactive\/2025\/nov\/18\/people-sent-back-france-uk-one-in-one-out-scheme\" rel=\"noopener\" target=\"_blank\">Lire l\u2019article original<\/a><\/p>\n<p>Source de l\u2019article<\/p>\n<p>   <img decoding=\"async\" class=\"source-logo\" src=\"https:\/\/www.europesays.com\/fr\/wp-content\/uploads\/2025\/05\/0f62b92_1643653451193-the-guardian-logo-0.jpg\"  alt=\"Logo\" loading=\"lazy\" width=\"32\" height=\"32\"\/>  The Guardian  (Londres)       <\/p>\n<p>L\u2019ind\u00e9pendance et la qualit\u00e9 caract\u00e9risent ce titre n\u00e9 en 1821, qui compte dans ses rangs certains des chroniqueurs les plus respect\u00e9s du pays.\u00a0De centre gauche, proeurop\u00e9en, The Guardian est le journal de r\u00e9f\u00e9rence de l\u2019intelligentsia, des enseignants et des syndicalistes.<\/p>\n<p>Contrairement aux autres quotidiens de r\u00e9f\u00e9rence britanniques, le journal a fait le choix d\u2019un site en acc\u00e8s libre.\u00a0Il est pass\u00e9 au format tablo\u00efd en 2018. Cette d\u00e9cision s\u2019inscrivait dans une logique de r\u00e9duction des co\u00fbts, alors que The Guardian perdait de l\u2019argent sans discontinuer depuis vingt ans. Une strat\u00e9gie payante\u00a0: en mai 2019, la directrice de la r\u00e9daction, Katharine Viner, a annonc\u00e9 que le journal \u00e9tait b\u00e9n\u00e9ficiaire, une premi\u00e8re depuis\u00a01998.<\/p>\n<p>        <a href=\"https:\/\/www.courrierinternational.com\/notule-source\/the-guardian\" class=\"source-link\" target=\"_blank\" rel=\"noopener\">Lire la suite<\/a>                 <\/p>\n<p>Nos services<\/p>\n","protected":false},"excerpt":{"rendered":"Afran, un demandeur d\u2019asile iranien, est assis mis\u00e9rablement en face d\u2019un centre d\u2019accueil parisien, enserr\u00e9 entre les immenses&hellip;\n","protected":false},"author":2,"featured_media":572352,"comment_status":"","ping_status":"","sticky":false,"template":"","format":"standard","meta":{"footnotes":""},"categories":[1588],"tags":[11,1777,674,27,1061,3821,12,473,1853,22948,1851,1850,1852],"class_list":{"0":"post-572351","1":"post","2":"type-post","3":"status-publish","4":"format-standard","5":"has-post-thumbnail","7":"category-royaume-uni","8":"tag-actualites","9":"tag-eu","10":"tag-europe","11":"tag-france","12":"tag-immigration","13":"tag-la-france-vue-de-lu2019u00e9tranger","14":"tag-news","15":"tag-royaume-uni","16":"tag-royaume-uni-de-grande-bretagne-et-dirlande-du-nord","17":"tag-ru00e9fugiu00e9s-et-demandeurs-dasile","18":"tag-uk","19":"tag-united-kingdom","20":"tag-united-kingdom-of-great-britain-and-northern-ireland"},"share_on_mastodon":{"url":"https:\/\/pubeurope.com\/@fr\/115648074418800447","error":""},"_links":{"self":[{"href":"https:\/\/www.europesays.com\/fr\/wp-json\/wp\/v2\/posts\/572351","targetHints":{"allow":["GET"]}}],"collection":[{"href":"https:\/\/www.europesays.com\/fr\/wp-json\/wp\/v2\/posts"}],"about":[{"href":"https:\/\/www.europesays.com\/fr\/wp-json\/wp\/v2\/types\/post"}],"author":[{"embeddable":true,"href":"https:\/\/www.europesays.com\/fr\/wp-json\/wp\/v2\/users\/2"}],"replies":[{"embeddable":true,"href":"https:\/\/www.europesays.com\/fr\/wp-json\/wp\/v2\/comments?post=572351"}],"version-history":[{"count":0,"href":"https:\/\/www.europesays.com\/fr\/wp-json\/wp\/v2\/posts\/572351\/revisions"}],"wp:featuredmedia":[{"embeddable":true,"href":"https:\/\/www.europesays.com\/fr\/wp-json\/wp\/v2\/media\/572352"}],"wp:attachment":[{"href":"https:\/\/www.europesays.com\/fr\/wp-json\/wp\/v2\/media?parent=572351"}],"wp:term":[{"taxonomy":"category","embeddable":true,"href":"https:\/\/www.europesays.com\/fr\/wp-json\/wp\/v2\/categories?post=572351"},{"taxonomy":"post_tag","embeddable":true,"href":"https:\/\/www.europesays.com\/fr\/wp-json\/wp\/v2\/tags?post=572351"}],"curies":[{"name":"wp","href":"https:\/\/api.w.org\/{rel}","templated":true}]}}