{"id":572357,"date":"2025-12-02T04:27:14","date_gmt":"2025-12-02T04:27:14","guid":{"rendered":"https:\/\/www.europesays.com\/fr\/572357\/"},"modified":"2025-12-02T04:27:14","modified_gmt":"2025-12-02T04:27:14","slug":"erdogan-ladhesion-a-lue-demeure-la-priorite-strategique-de-la-turkiye","status":"publish","type":"post","link":"https:\/\/www.europesays.com\/fr\/572357\/","title":{"rendered":"Erdogan : l&rsquo;adh\u00e9sion \u00e0 l&rsquo;UE demeure la priorit\u00e9 strat\u00e9gique de la T\u00fcrkiye"},"content":{"rendered":"<p textalign=\"\" class=\"\">L&rsquo;adh\u00e9sion pleine et enti\u00e8re \u00e0 l&rsquo;UE demeure la priorit\u00e9 strat\u00e9gique de la T\u00fcrkiye malgr\u00e9 les obstacles, a affirm\u00e9 le pr\u00e9sident turc Recep Tayyip Erdogan \u00e0 l&rsquo;issue d&rsquo;une r\u00e9union du Conseil des ministres \u00e0 Ankara.<\/p>\n<p textalign=\"left\" class=\"\">\u00c9voquant les r\u00e9centes attaques contre deux p\u00e9troliers commerciaux en mer Noire, il a estim\u00e9 que la guerre en Ukraine semblait avoir atteint un niveau mena\u00e7ant clairement la s\u00e9curit\u00e9 de la navigation dans cette zone.<\/p>\n<p textalign=\"left\" class=\"\">\u00ab\u00a0Le ciblage de navires marchands dans la zone \u00e9conomique exclusive de la T\u00fcrkiye marque une escalade inqui\u00e9tante\u00a0\u00bb, a-t-il soulign\u00e9, rappelant qu\u2019Ankara ne peut excuser les attaques contre sa zone \u00e9conomique exclusive, \u00ab\u00a0qui menacent la navigation, la vie humaine et la s\u00e9curit\u00e9 environnementale\u00a0\u00bb.<\/p>\n","protected":false},"excerpt":{"rendered":"L&rsquo;adh\u00e9sion pleine et enti\u00e8re \u00e0 l&rsquo;UE demeure la priorit\u00e9 strat\u00e9gique de la T\u00fcrkiye malgr\u00e9 les obstacles, a affirm\u00e9&hellip;\n","protected":false},"author":2,"featured_media":572358,"comment_status":"","ping_status":"","sticky":false,"template":"","format":"standard","meta":{"footnotes":""},"categories":[1586],"tags":[11,1777,674,1779,1011,27,12,25,1778,364],"class_list":{"0":"post-572357","1":"post","2":"type-post","3":"status-publish","4":"format-standard","5":"has-post-thumbnail","7":"category-europe","8":"tag-actualites","9":"tag-eu","10":"tag-europe","11":"tag-european-union","12":"tag-fr","13":"tag-france","14":"tag-news","15":"tag-republique-francaise","16":"tag-ue","17":"tag-union-europeenne"},"share_on_mastodon":{"url":"https:\/\/pubeurope.com\/@fr\/115648085727935381","error":""},"_links":{"self":[{"href":"https:\/\/www.europesays.com\/fr\/wp-json\/wp\/v2\/posts\/572357","targetHints":{"allow":["GET"]}}],"collection":[{"href":"https:\/\/www.europesays.com\/fr\/wp-json\/wp\/v2\/posts"}],"about":[{"href":"https:\/\/www.europesays.com\/fr\/wp-json\/wp\/v2\/types\/post"}],"author":[{"embeddable":true,"href":"https:\/\/www.europesays.com\/fr\/wp-json\/wp\/v2\/users\/2"}],"replies":[{"embeddable":true,"href":"https:\/\/www.europesays.com\/fr\/wp-json\/wp\/v2\/comments?post=572357"}],"version-history":[{"count":0,"href":"https:\/\/www.europesays.com\/fr\/wp-json\/wp\/v2\/posts\/572357\/revisions"}],"wp:featuredmedia":[{"embeddable":true,"href":"https:\/\/www.europesays.com\/fr\/wp-json\/wp\/v2\/media\/572358"}],"wp:attachment":[{"href":"https:\/\/www.europesays.com\/fr\/wp-json\/wp\/v2\/media?parent=572357"}],"wp:term":[{"taxonomy":"category","embeddable":true,"href":"https:\/\/www.europesays.com\/fr\/wp-json\/wp\/v2\/categories?post=572357"},{"taxonomy":"post_tag","embeddable":true,"href":"https:\/\/www.europesays.com\/fr\/wp-json\/wp\/v2\/tags?post=572357"}],"curies":[{"name":"wp","href":"https:\/\/api.w.org\/{rel}","templated":true}]}}