{"id":572361,"date":"2025-12-02T04:29:21","date_gmt":"2025-12-02T04:29:21","guid":{"rendered":"https:\/\/www.europesays.com\/fr\/572361\/"},"modified":"2025-12-02T04:29:21","modified_gmt":"2025-12-02T04:29:21","slug":"des-perturbations-sur-les-tcl-et-la-sncf-a-quoi-sattendre","status":"publish","type":"post","link":"https:\/\/www.europesays.com\/fr\/572361\/","title":{"rendered":"des perturbations sur les TCL et la SNCF ? \u00c0 quoi s&rsquo;attendre"},"content":{"rendered":"<p>                    Par<br \/>\n        <strong><br \/>\n            <a href=\"https:\/\/actu.fr\/auteur\/nicolas-zaugra\" title=\"Consulter tous les articles de Nicolas Zaugra\" target=\"_blank\" rel=\"noopener\">Nicolas Zaugra<\/a><br \/>\n                    <\/strong><\/p>\n<p>        Publi\u00e9 le<\/p>\n<p>            1 d\u00e9c. 2025 \u00e0 18h13        <\/p>\n<p>L\u2019<strong>appel \u00e0 la gr\u00e8ve lanc\u00e9 par trois syndicats<\/strong> mardi 2 d\u00e9cembre devrait avoir peu d\u2019impact sur les transports, selon les pr\u00e9visions de trafic annonc\u00e9es lundi par le ministre des Transports Philippe Tabarot. La journ\u00e9e de mobilisation intersyndicale a \u00e9t\u00e9 lanc\u00e9e \u00e0 l\u2019appel des syndicats CGT, FSU et Solidaires.<\/p>\n<p class=\" wall-content\">Pour la CGT, l\u2019une des demandes principales porte sur des augmentations de salaires avec le slogan \u00ab\u00a0de l\u2019argent, il y en a!\u00a0\u00bb.<\/p>\n<p>Pas de perturbations sur les TCL, la SNCF touch\u00e9e<\/p>\n<p class=\" wall-content\">Le r\u00e9seau TCL ne sera pas touch\u00e9 dans la m\u00e9tropole de <a href=\"https:\/\/actu.fr\/auvergne-rhone-alpes\/lyon_69123\" target=\"_blank\" rel=\"noopener\">Lyon<\/a> ce mardi contrairement au r\u00e9seau <a href=\"https:\/\/actu.fr\/ile-de-france\/paris_75056\/ratp-sncf-greve-du-2-decembre-les-perturbations-prevues-dans-les-transports-a-paris-et-en-ile-de-france_63513535.html\" target=\"_blank\" rel=\"noopener\">RATP parisien qui sera davantage perturb\u00e9<\/a>.<\/p>\n<p class=\" wall-content\">Par contre, le <a href=\"https:\/\/actu.fr\/auvergne-rhone-alpes\/lyon_69123\/lyon-une-greve-du-metro-tcl-plane-sur-la-fete-des-lumieres-a-quoi-s-attendre_63510239.html\" target=\"_blank\" rel=\"noopener\">r\u00e9seau peut \u00eatre perturb\u00e9 notamment la ligne de m\u00e9tro D d\u00e8s vendredi pour la F\u00eate des Lumi\u00e8res<\/a>. Un pr\u00e9avis de gr\u00e8ve a \u00e9t\u00e9 d\u00e9pos\u00e9 et des perturbations sont possibles en cas d\u2019\u00e9chec des n\u00e9gociations entre salari\u00e9s et direction.\u00a0<\/p>\n<p class=\" wall-content\">Dans la r\u00e9gion Auvergne-Rh\u00f4ne-Alpes, les lignes SNCF suivantes seront perturb\u00e9es par la gr\u00e8ve de mardi :<\/p>\n<ul class=\" wall-content\">\n<li>CLERMONT FERRAND \u2013 NIMES<\/li>\n<li>CLERMONT FERRAND \u2013 MOULINS<\/li>\n<li>CLERMONT FD \u2013 GANNAT \u2013 MONTLUCON<\/li>\n<li>MONTLUCON \u2013 BOURGES<\/li>\n<li>CLERMONT FERRAND \u2013 LE PUY EN VELAY<\/li>\n<li>Gap \u2013 Die \u2013 Valence (Romans)<\/li>\n<li>AURILLAC \u2013 TOULOUSE<\/li>\n<li>CLERMONT FD \u2013 BRIOUDE<\/li>\n<\/ul>\n<p class=\" wall-content\">Les principales lignes de TER de l\u2019\u00e9toile ferroviaire de Lyon ne sont pas concern\u00e9es (Saint-Etienne, Grenoble, vers l\u2019Ain\u2026).<\/p>\n<p>Votre r\u00e9gion, votre actu !<\/p>\n<p>Recevez chaque jour les infos qui comptent pour vous.<\/p>\n<p>\t<a href=\"https:\/\/actu.fr\/newsletter\" class=\"ac-btn ac-btn--corner ac-btn--medium ac-btn--blue800\" target=\"_blank\" rel=\"noopener\">S&rsquo;incrire<\/a><br \/>\nPerturbations dans les cantines et le p\u00e9riscolaire \u00e0 Lyon<\/p>\n<p class=\" wall-content\">\u00c0 Lyon, ce sont surtout les \u00e9coles avec le p\u00e9riscolaire et le fonctionnement des cantines municipales qui seront touch\u00e9s ce mardi.\u00a0<\/p>\n<p class=\" wall-content\">\u00ab\u00a0Chers parents, en raison d\u2019un mouvement de gr\u00e8ve des animateurs, vos enfants ne seront pas accueillis au temps p\u00e9riscolaire du soir ce mardi 2 d\u00e9cembre. Nous vous demandons de venir chercher vos enfants entre 16 h 35 et 16 h 45\u00a0\u00bb, ont envoy\u00e9 les \u00e9coles aux parents d\u2019\u00e9l\u00e8ves. Le p\u00e9riscolaire s\u2019annonce donc tr\u00e8s perturb\u00e9.\u00a0<\/p>\n<p class=\" wall-content\">Des classes risquent aussi de fermer en raison de gr\u00e8ve d\u2019enseignants :<strong> 58 \u00e9coles sur 207 sont touch\u00e9es<\/strong> par des fermetures de classe dont 27 avec restaurants ferm\u00e9s.<\/p>\n<p class=\" wall-content\">Personnalisez votre actualit\u00e9 en ajoutant vos villes et m\u00e9dias en favori avec <a href=\"https:\/\/moncompte.actu.fr\" title=\"D\u00e9couvez Mon Actu\" rel=\"nofollow noopener\" data-trk=\"{&quot;cta&quot;:{&quot;action&quot;:&quot;https:\\\/\\\/moncompte.actu.fr&quot;,&quot;category&quot;:&quot;mon compte&quot;,&quot;from&quot;:&quot;article footer&quot;,&quot;name&quot;:&quot;Mon actu&quot;,&quot;type&quot;:&quot;cta&quot;}}\" target=\"_blank\">Mon Actu<\/a>.<\/p>\n","protected":false},"excerpt":{"rendered":"Par Nicolas Zaugra Publi\u00e9 le 1 d\u00e9c. 2025 \u00e0 18h13 L\u2019appel \u00e0 la gr\u00e8ve lanc\u00e9 par trois syndicats&hellip;\n","protected":false},"author":2,"featured_media":268461,"comment_status":"","ping_status":"","sticky":false,"template":"","format":"standard","meta":{"footnotes":""},"categories":[2],"tags":[11,1011,27,6151,12,25,104,5787],"class_list":{"0":"post-572361","1":"post","2":"type-post","3":"status-publish","4":"format-standard","5":"has-post-thumbnail","7":"category-actualites","8":"tag-actualites","9":"tag-fr","10":"tag-france","11":"tag-greve","12":"tag-news","13":"tag-republique-francaise","14":"tag-societe","15":"tag-transports-en-commun-lyonnais-tcl"},"share_on_mastodon":{"url":"https:\/\/pubeurope.com\/@fr\/115648093616924457","error":""},"_links":{"self":[{"href":"https:\/\/www.europesays.com\/fr\/wp-json\/wp\/v2\/posts\/572361","targetHints":{"allow":["GET"]}}],"collection":[{"href":"https:\/\/www.europesays.com\/fr\/wp-json\/wp\/v2\/posts"}],"about":[{"href":"https:\/\/www.europesays.com\/fr\/wp-json\/wp\/v2\/types\/post"}],"author":[{"embeddable":true,"href":"https:\/\/www.europesays.com\/fr\/wp-json\/wp\/v2\/users\/2"}],"replies":[{"embeddable":true,"href":"https:\/\/www.europesays.com\/fr\/wp-json\/wp\/v2\/comments?post=572361"}],"version-history":[{"count":0,"href":"https:\/\/www.europesays.com\/fr\/wp-json\/wp\/v2\/posts\/572361\/revisions"}],"wp:featuredmedia":[{"embeddable":true,"href":"https:\/\/www.europesays.com\/fr\/wp-json\/wp\/v2\/media\/268461"}],"wp:attachment":[{"href":"https:\/\/www.europesays.com\/fr\/wp-json\/wp\/v2\/media?parent=572361"}],"wp:term":[{"taxonomy":"category","embeddable":true,"href":"https:\/\/www.europesays.com\/fr\/wp-json\/wp\/v2\/categories?post=572361"},{"taxonomy":"post_tag","embeddable":true,"href":"https:\/\/www.europesays.com\/fr\/wp-json\/wp\/v2\/tags?post=572361"}],"curies":[{"name":"wp","href":"https:\/\/api.w.org\/{rel}","templated":true}]}}