{"id":572371,"date":"2025-12-02T04:41:09","date_gmt":"2025-12-02T04:41:09","guid":{"rendered":"https:\/\/www.europesays.com\/fr\/572371\/"},"modified":"2025-12-02T04:41:09","modified_gmt":"2025-12-02T04:41:09","slug":"ol-le-retour-surprise-dalexandre-lacazette","status":"publish","type":"post","link":"https:\/\/www.europesays.com\/fr\/572371\/","title":{"rendered":"OL : Le retour surprise d\u2019Alexandre Lacazette !"},"content":{"rendered":"<p>                    Hugo Chirossel<br \/>\n                        &#8211;<\/p>\n<p>Journaliste<\/p>\n<p>Passionn\u00e9 de football depuis le plus jeune \u00e2ge, devenir journaliste sportif est rapidement devenu une \u00e9vidence pour Hugo. Il se d\u00e9couvrira plus tard un amour pour la NBA, avant d\u2019explorer d\u2019autres horizons comme ceux de la Formule 1 et de la NFL.<\/p>\n<p class=\"heading\">Dimanche, lors de la r\u00e9ception du FC Nantes (3-0), l\u2019OL f\u00eatait ses 75 ans d\u2019histoire. L\u2019occasion parfaite pour Alexandre Lacazette de faire son retour \u00e0 Lyon, lui qui est parti en Arabie Saoudite, au Neom FC, l\u2019\u00e9t\u00e9 dernier. S\u2019il n\u2019a pas particip\u00e9 \u00e0 la c\u00e9r\u00e9monie avec les l\u00e9gendes du club, l\u2019attaquant de 34 ans a assist\u00e9 \u00e0 la rencontre et est venu saluer ses anciens co\u00e9quipiers. <\/p>\n<p>Quoi de mieux qu\u2019une large victoire pour c\u00e9l\u00e9brer l\u2019anniversaire du club. Apr\u00e8s quatre matchs cons\u00e9cutifs sans succ\u00e8s en Ligue 1, l\u2019<strong>OL<\/strong> s\u2019est impos\u00e9 lors de la r\u00e9ception du <strong>FC Nantes<\/strong> (3-0) dimanche, le soir o\u00f9 les Gones f\u00eataient leurs 75 ans d\u2019existence, avec en face un certain <strong>Anthony Lopes<\/strong>. <\/p>\n<p>                                            Une soir\u00e9e sp\u00e9ciale pour Lopes<\/p>\n<p>\u00ab Ce match contre Lyon, c&rsquo;est la premi\u00e8re date que j&rsquo;ai coch\u00e9e quand le calendrier est sorti \u00bb, <a href=\"https:\/\/le10sport.com\/football\/mercato\/accord-entre-lol-et-une-star-il-balance-tout-766816\" target=\"_blank\" rel=\"noopener\">a confi\u00e9 le gardien<\/a> du <strong>FC Nantes <\/strong>au micro de Ligue 1+, parti \u00e0 contrec\u0153ur janvier dernier et qui a pu dire au revoir aux supporters de l\u2019<strong>OL<\/strong>. Mais en plus d\u2019<strong>Anthony Lopes<\/strong>, une autre l\u00e9gende du club \u00e9tait \u00e9galement pr\u00e9sente ce soir-l\u00e0.<\/p>\n<p>                                            Lacazette de retour au Parc OL<\/p>\n<p>Comme indiqu\u00e9 par Olympique-et-Lyonnais, <strong>Alexandre Lacazette <\/strong>est revenu sp\u00e9cialement d\u2019<strong>Arabie Saoudite<\/strong> pour l\u2019occasion. L&rsquo;attaquant \u00e2g\u00e9 de 34 ans, parti l\u2019\u00e9t\u00e9 dernier au <strong>Neom FC<\/strong>, n\u2019a pas pris part \u00e0 la c\u00e9r\u00e9monie avec les l\u00e9gendes de l\u2019<strong>OL<\/strong>, mais \u00e9tait en tribune et est m\u00eame pass\u00e9 dans le vestiaire pour saluer ses anciens co\u00e9quipiers. <\/p>\n","protected":false},"excerpt":{"rendered":"Hugo Chirossel &#8211; Journaliste Passionn\u00e9 de football depuis le plus jeune \u00e2ge, devenir journaliste sportif est rapidement devenu&hellip;\n","protected":false},"author":2,"featured_media":572372,"comment_status":"","ping_status":"","sticky":false,"template":"","format":"standard","meta":{"footnotes":""},"categories":[1410],"tags":[63,1011,27,60],"class_list":{"0":"post-572371","1":"post","2":"type-post","3":"status-publish","4":"format-standard","5":"has-post-thumbnail","7":"category-football","8":"tag-football","9":"tag-fr","10":"tag-france","11":"tag-sports"},"share_on_mastodon":{"url":"https:\/\/pubeurope.com\/@fr\/115648140782300015","error":""},"_links":{"self":[{"href":"https:\/\/www.europesays.com\/fr\/wp-json\/wp\/v2\/posts\/572371","targetHints":{"allow":["GET"]}}],"collection":[{"href":"https:\/\/www.europesays.com\/fr\/wp-json\/wp\/v2\/posts"}],"about":[{"href":"https:\/\/www.europesays.com\/fr\/wp-json\/wp\/v2\/types\/post"}],"author":[{"embeddable":true,"href":"https:\/\/www.europesays.com\/fr\/wp-json\/wp\/v2\/users\/2"}],"replies":[{"embeddable":true,"href":"https:\/\/www.europesays.com\/fr\/wp-json\/wp\/v2\/comments?post=572371"}],"version-history":[{"count":0,"href":"https:\/\/www.europesays.com\/fr\/wp-json\/wp\/v2\/posts\/572371\/revisions"}],"wp:featuredmedia":[{"embeddable":true,"href":"https:\/\/www.europesays.com\/fr\/wp-json\/wp\/v2\/media\/572372"}],"wp:attachment":[{"href":"https:\/\/www.europesays.com\/fr\/wp-json\/wp\/v2\/media?parent=572371"}],"wp:term":[{"taxonomy":"category","embeddable":true,"href":"https:\/\/www.europesays.com\/fr\/wp-json\/wp\/v2\/categories?post=572371"},{"taxonomy":"post_tag","embeddable":true,"href":"https:\/\/www.europesays.com\/fr\/wp-json\/wp\/v2\/tags?post=572371"}],"curies":[{"name":"wp","href":"https:\/\/api.w.org\/{rel}","templated":true}]}}