{"id":572377,"date":"2025-12-02T04:45:31","date_gmt":"2025-12-02T04:45:31","guid":{"rendered":"https:\/\/www.europesays.com\/fr\/572377\/"},"modified":"2025-12-02T04:45:31","modified_gmt":"2025-12-02T04:45:31","slug":"c-a-vouss17-emission-du-lundi-1-decembre-2025","status":"publish","type":"post","link":"https:\/\/www.europesays.com\/fr\/572377\/","title":{"rendered":"C \u00e0 vousS17 &#8211; \u00c9mission du lundi 1 d\u00e9cembre 2025"},"content":{"rendered":"<p>Diffus\u00e9 le 01\/12\/2025 \u00e0 18h57 &#8211; Disponible jusqu&rsquo;au 28\/11\/2026<\/p>\n<p>Install\u00e9s dans le loft de \u00ab\u00a0C \u00e0 vous\u00a0\u00bb, Anne-Elisabeth Lemoine (du lundi au jeudi) et sa bande de chroniqueurs donnent la parole \u00e0 leurs invit\u00e9s et font la part belle \u00e0 l&rsquo;actualit\u00e9 du jour. En cuisine, un chef pr\u00e9pare un d\u00eener simple et original. Les vendredis et samedis, Mohamed Bouhafsi prend les commandes de l&rsquo;\u00e9mission.<\/p>\n","protected":false},"excerpt":{"rendered":"Diffus\u00e9 le 01\/12\/2025 \u00e0 18h57 &#8211; Disponible jusqu&rsquo;au 28\/11\/2026 Install\u00e9s dans le loft de \u00ab\u00a0C \u00e0 vous\u00a0\u00bb, Anne-Elisabeth&hellip;\n","protected":false},"author":2,"featured_media":572378,"comment_status":"","ping_status":"","sticky":false,"template":"","format":"standard","meta":{"footnotes":""},"categories":[1356],"tags":[58,59,1011,27,252,1364],"class_list":{"0":"post-572377","1":"post","2":"type-post","3":"status-publish","4":"format-standard","5":"has-post-thumbnail","7":"category-television","8":"tag-divertissement","9":"tag-entertainment","10":"tag-fr","11":"tag-france","12":"tag-television","13":"tag-tv"},"share_on_mastodon":{"url":"https:\/\/pubeurope.com\/@fr\/115648156407477003","error":""},"_links":{"self":[{"href":"https:\/\/www.europesays.com\/fr\/wp-json\/wp\/v2\/posts\/572377","targetHints":{"allow":["GET"]}}],"collection":[{"href":"https:\/\/www.europesays.com\/fr\/wp-json\/wp\/v2\/posts"}],"about":[{"href":"https:\/\/www.europesays.com\/fr\/wp-json\/wp\/v2\/types\/post"}],"author":[{"embeddable":true,"href":"https:\/\/www.europesays.com\/fr\/wp-json\/wp\/v2\/users\/2"}],"replies":[{"embeddable":true,"href":"https:\/\/www.europesays.com\/fr\/wp-json\/wp\/v2\/comments?post=572377"}],"version-history":[{"count":0,"href":"https:\/\/www.europesays.com\/fr\/wp-json\/wp\/v2\/posts\/572377\/revisions"}],"wp:featuredmedia":[{"embeddable":true,"href":"https:\/\/www.europesays.com\/fr\/wp-json\/wp\/v2\/media\/572378"}],"wp:attachment":[{"href":"https:\/\/www.europesays.com\/fr\/wp-json\/wp\/v2\/media?parent=572377"}],"wp:term":[{"taxonomy":"category","embeddable":true,"href":"https:\/\/www.europesays.com\/fr\/wp-json\/wp\/v2\/categories?post=572377"},{"taxonomy":"post_tag","embeddable":true,"href":"https:\/\/www.europesays.com\/fr\/wp-json\/wp\/v2\/tags?post=572377"}],"curies":[{"name":"wp","href":"https:\/\/api.w.org\/{rel}","templated":true}]}}