{"id":572383,"date":"2025-12-02T04:48:28","date_gmt":"2025-12-02T04:48:28","guid":{"rendered":"https:\/\/www.europesays.com\/fr\/572383\/"},"modified":"2025-12-02T04:48:28","modified_gmt":"2025-12-02T04:48:28","slug":"il-etait-atteint-dun-cancer-tres-rare-et-condamne-ce-petit-americain-de-7-ans-est-desormais-gueri","status":"publish","type":"post","link":"https:\/\/www.europesays.com\/fr\/572383\/","title":{"rendered":"Il \u00e9tait atteint d\u2019un cancer tr\u00e8s rare et condamn\u00e9, ce petit Am\u00e9ricain de 7 ans est d\u00e9sormais gu\u00e9ri"},"content":{"rendered":"<p>Un petit <a href=\"https:\/\/www.20minutes.fr\/monde\/etats-unis\/\" class=\"c-link c-link--is-underlined\" target=\"_blank\" rel=\"noopener\">Am\u00e9ricain<\/a> avait \u00e9t\u00e9 diagnostiqu\u00e9 d\u2019un <a href=\"https:\/\/www.20minutes.fr\/dossier\/cancer\" class=\"c-link c-link--is-underlined\" target=\"_blank\" rel=\"noopener\">cancer<\/a> tr\u00e8s rare en mars\u00a02021, alors qu\u2019il avait 3 ans. Son esp\u00e9rance de vie avait alors \u00e9t\u00e9 estim\u00e9e \u00e0 trois ans. Finalement, apr\u00e8s une <a href=\"https:\/\/www.20minutes.fr\/dossier\/chimiotherapie\" class=\"c-link c-link--is-underlined\" target=\"_blank\" rel=\"noopener\">chimioth\u00e9rapie<\/a> et un lourd traitement, le jeune Malachi va beaucoup mieux, rapporte <a href=\"https:\/\/www.cbsnews.com\/news\/pediatric-cancer-acute-lymphoblastic-leukemia-miami-florida\/\" rel=\"nofollow noopener\" target=\"_blank\" class=\"c-link c-link--is-underlined\">CBS News<\/a>.<\/p>\n<p>\u00ab\u00a0Tout ce processus a \u00e9t\u00e9 tr\u00e8s difficile. C\u2019est encore difficile. Il m\u2019arrive parfois d\u2019\u00eatre sous le choc, comme si je n\u2019arrivais pas \u00e0 croire que nous ayons travers\u00e9 tout cela ou que cela se soit r\u00e9ellement produit\u00a0\u00bb, a racont\u00e9 sa m\u00e8re au m\u00e9dia am\u00e9ricain.<\/p>\n<p>6.100 personnes par an aux \u00c9tats-Unis<\/p>\n<p>En mars\u00a02021, la <a href=\"https:\/\/www.20minutes.fr\/dossier\/maladie\" class=\"c-link c-link--is-underlined\" target=\"_blank\" rel=\"noopener\">maladie<\/a> s\u2019est manifest\u00e9e rapidement par de la fatigue, une certaine l\u00e9thargie, une toux persistante, puis des vomissements et des selles noires. Le diagnostic a pu \u00eatre pos\u00e9 \u00e0 l\u2019issue d\u2019une biopsie de la moelle osseuse.<\/p>\n<p>Malachi \u00e9tait atteint d\u2019une <a href=\"https:\/\/www.20minutes.fr\/dossier\/leucemie\" class=\"c-link c-link--is-underlined\" target=\"_blank\" rel=\"noopener\">leuc\u00e9mie<\/a> lymphoblastique aigu\u00eb, un cancer qui touche environ 6.100 personnes par an aux \u00c9tats-Unis, essentiellement des enfants de moins de 5 ans. Celui-ci est li\u00e9 \u00e0 la production de globules blancs immatures par l\u2019organisme et peut rapidement se propager \u00e0 tout le corps.<\/p>\n<p>En r\u00e9mission<\/p>\n<p>Dans ces conditions, Malachi est imm\u00e9diatement entr\u00e9 en chimioth\u00e9rapie. Hospitalis\u00e9 pendant un mois, il a souffert de naus\u00e9es et de fatigue et a r\u00e9gress\u00e9 dans son apprentissage de la propret\u00e9. \u00ab\u00a0C\u2019\u00e9tait stressant. C\u2019\u00e9tait d\u00e9primant d\u2019\u00eatre constamment l\u00e0-bas\u00a0\u00bb, reconna\u00eet sa m\u00e8re. Mais assez vite, l\u2019enfant a commenc\u00e9 \u00e0 aller mieux.<\/p>\n<\/p>\n<p>La chimioth\u00e9rapie s\u2019est ensuite poursuivie \u00e0 domicile, avec huit m\u00e9dicaments par jour et plusieurs visites \u00e0 l\u2019h\u00f4pital par semaine. Puis les m\u00e9dicaments et les visites se sont r\u00e9duits. Aujourd\u2019hui, Malachi est \u00e2g\u00e9 de 7 ans et est en r\u00e9mission. Il a pass\u00e9 les principaux risques de rechute et les m\u00e9decins consid\u00e8rent qu\u2019il est \u00ab\u00a0pratiquement gu\u00e9ri\u00a0\u00bb. Scolaris\u00e9 dans une \u00e9cole pour surdou\u00e9s, il vit d\u00e9sormais une enfance presque normale, malgr\u00e9 un syst\u00e8me immunitaire encore affaibli.<\/p>\n","protected":false},"excerpt":{"rendered":"Un petit Am\u00e9ricain avait \u00e9t\u00e9 diagnostiqu\u00e9 d\u2019un cancer tr\u00e8s rare en mars\u00a02021, alors qu\u2019il avait 3 ans. Son&hellip;\n","protected":false},"author":2,"featured_media":572384,"comment_status":"","ping_status":"","sticky":false,"template":"","format":"standard","meta":{"footnotes":""},"categories":[10],"tags":[47,101,847,73,1011,27,72,24886,71],"class_list":{"0":"post-572383","1":"post","2":"type-post","3":"status-publish","4":"format-standard","5":"has-post-thumbnail","7":"category-sante","8":"tag-actualite","9":"tag-cancer","10":"tag-enfant","11":"tag-etats-unis","12":"tag-fr","13":"tag-france","14":"tag-health","15":"tag-leucemie","16":"tag-sante"},"share_on_mastodon":{"url":"https:\/\/pubeurope.com\/@fr\/115648168237946199","error":""},"_links":{"self":[{"href":"https:\/\/www.europesays.com\/fr\/wp-json\/wp\/v2\/posts\/572383","targetHints":{"allow":["GET"]}}],"collection":[{"href":"https:\/\/www.europesays.com\/fr\/wp-json\/wp\/v2\/posts"}],"about":[{"href":"https:\/\/www.europesays.com\/fr\/wp-json\/wp\/v2\/types\/post"}],"author":[{"embeddable":true,"href":"https:\/\/www.europesays.com\/fr\/wp-json\/wp\/v2\/users\/2"}],"replies":[{"embeddable":true,"href":"https:\/\/www.europesays.com\/fr\/wp-json\/wp\/v2\/comments?post=572383"}],"version-history":[{"count":0,"href":"https:\/\/www.europesays.com\/fr\/wp-json\/wp\/v2\/posts\/572383\/revisions"}],"wp:featuredmedia":[{"embeddable":true,"href":"https:\/\/www.europesays.com\/fr\/wp-json\/wp\/v2\/media\/572384"}],"wp:attachment":[{"href":"https:\/\/www.europesays.com\/fr\/wp-json\/wp\/v2\/media?parent=572383"}],"wp:term":[{"taxonomy":"category","embeddable":true,"href":"https:\/\/www.europesays.com\/fr\/wp-json\/wp\/v2\/categories?post=572383"},{"taxonomy":"post_tag","embeddable":true,"href":"https:\/\/www.europesays.com\/fr\/wp-json\/wp\/v2\/tags?post=572383"}],"curies":[{"name":"wp","href":"https:\/\/api.w.org\/{rel}","templated":true}]}}