{"id":572391,"date":"2025-12-02T04:52:35","date_gmt":"2025-12-02T04:52:35","guid":{"rendered":"https:\/\/www.europesays.com\/fr\/572391\/"},"modified":"2025-12-02T04:52:35","modified_gmt":"2025-12-02T04:52:35","slug":"les-factures-de-gaz-et-delectricite-augmenteront-dune-cinquantaine-deuros-par-an-des-le-1er-janvier","status":"publish","type":"post","link":"https:\/\/www.europesays.com\/fr\/572391\/","title":{"rendered":"les factures de gaz et d&rsquo;\u00e9lectricit\u00e9 augmenteront d&rsquo;une cinquantaine d&rsquo;euros par an d\u00e8s le 1er janvier"},"content":{"rendered":"\n<p class=\"c-chapo \">\n  Cette augmentation ne touchera pas les contrats \u00e0 prix fixe, mais concernera notamment les clients d&rsquo;EDF et d&rsquo;Engie.\n<\/p>\n<p>      lire plus tard<\/p>\n<p id=\"dialog__title\" class=\"dialog__title\">Pour sauvegarder cet article, connectez-vous ou cr\u00e9ez un compte franceinfo<\/p>\n<p class=\"dialog__description\">Sans paiement. Sans abonnement.<\/p>\n<p>        Fermer la fen\u00eatre d\u2019activation des notifications France Info<\/p>\n<p>      cr\u00e9er votre compte<\/p>\n<p>      se connecter<\/p>\n<p>        Fermer la fen\u00eatre de pr\u00e9sentation<\/p>\n<p>    <img loading=\"lazy\" decoding=\"async\" class=\"signature__image lazyload\" width=\"100\" height=\"100\" data- alt=\"\" src=\"https:\/\/www.europesays.com\/fr\/wp-content\/uploads\/2025\/05\/64a7df4c5fe71_placeholder-36b69ec8.png\"\/><\/p>\n<p>    Publi\u00e9 le 01\/12\/2025 18:21<\/p>\n<p>      Mis \u00e0 jour le 01\/12\/2025 21:34<\/p>\n<p>        Temps de lecture : 2min<\/p>\n<p>    <img decoding=\"async\"  alt=\"Illustration facture d'\u00e9lectricit\u00e9. (RICHARD VILLALON \/ MAXPPP)\" width=\"432\" height=\"243\" src=\"https:\/\/www.europesays.com\/fr\/wp-content\/uploads\/2025\/12\/php85e0lx.jpg\" fetchpriority=\"high\"\/><\/p>\n<p>      Illustration facture d&rsquo;\u00e9lectricit\u00e9. (RICHARD VILLALON \/ MAXPPP)<\/p>\n<p>Les factures de gaz et d&rsquo;\u00e9lectricit\u00e9 vont augmenter d&rsquo;une cinquantaine d&rsquo;euros par an \u00e0 partir du 1er janvier 2026 pour le consommateur, en r\u00e9action \u00e0 l&rsquo;\u00e9volution du <a href=\"https:\/\/www.franceinfo.fr\/faits-divers\/certificats-d-economie-d-energie-un-reseau-de-fraudeurs-demantele-en-auvergne-rhone-alpes-pour-un-prejudice-estime-a-13-millions-d-euros_7081635.html\" target=\"_self\" rel=\"noopener noreferrer nofollow\" data-tooltip-url=\"https:\/\/www.franceinfo.fr\/faits-divers\/certificats-d-economie-d-energie-un-reseau-de-fraudeurs-demantele-en-auvergne-rhone-alpes-pour-un-prejudice-estime-a-13-millions-d-euros_7081635.html\">dispositif des \u00ab\u00a0certificats d&rsquo;\u00e9conomies d&rsquo;\u00e9nergie\u00a0\u00bb<\/a> (CEE), a appris France Inter lundi 1er d\u00e9cembre aupr\u00e8s de sources proches du dossier. Cette hausse sera pr\u00e9sente chez EDF, chez les fournisseurs alternatifs, mais aussi chez Engie qui a d&rsquo;ores et d\u00e9j\u00e0 annonc\u00e9 des hausses, selon les informations de France Inter recueillies aupr\u00e8s de ces m\u00eames sources.<\/p>\n<p>\u00c0 noter que cette augmentation ne touchera pas les contrats \u00e0 prix fixe et ne concerne que les particuliers. Les fournisseurs peuvent r\u00e9percuter cette hausse, mais ne sont pas oblig\u00e9s de le faire. Tout d\u00e9pendra de leur strat\u00e9gie commerciale.<\/p>\n<p>Les CEE sont un dispositif cr\u00e9\u00e9 en 2005. Ils reposent sur le principe du pollueur-payeur et obligent les fournisseurs d&rsquo;\u00e9nergie \u00e0 financer des actions de r\u00e9duction de la consommation d&rsquo;\u00e9nergie et d&rsquo;am\u00e9lioration de l&rsquo;efficacit\u00e9 \u00e9nerg\u00e9tique, comme des aides \u00e0 l&rsquo;isolation pour les logements les plus modestes. Cette obligation est revue \u00e0 la hausse par le gouvernement \u00e0 compter du 1er janvier.<\/p>\n<p>L&rsquo;UFC-Que Choisir appelle, elle, \u00e0 plafonner ces hausses tarifaires. L&rsquo;association de d\u00e9fense des consommateurs critique l&rsquo;opacit\u00e9 et appelle donc \u00e0 plus de transparence dans la r\u00e9percussion des CEE sur la facture \u00e9nerg\u00e9tique des foyers. \u00ab\u00a0\u00c7a rel\u00e8ve vraiment de la strat\u00e9gie commerciale des fournisseurs de voir comment est-ce qu&rsquo;ils r\u00e9percutent \u00e7a\u00a0\u00bb, r\u00e9agit sur France Inter Clarisse Berger, sp\u00e9cialiste des CEE \u00e0 l&rsquo;UFC-Que Choisir. \u00ab\u00a0Il n&rsquo;y a pas de ligne CEE sur les factures (des clients), donc c&rsquo;est compliqu\u00e9 de voir\u00a0\u00bb cette r\u00e9percussion \u00ab\u00a0sur une p\u00e9riode, m\u00eame sur une ann\u00e9e\u00a0\u00bb, d\u00e9nonce-t-elle.<\/p>\n<p>Concernant les carburants, dont le prix \u00e0 la pompe va augmenter de 4 \u00e0 6 centimes par litre d\u00e8s le 1er janvier pour la m\u00eame raison, le minist\u00e8re de l&rsquo;\u00c9conomie appelle les compagnies p\u00e9troli\u00e8res \u00e0 la responsabilit\u00e9 dans la r\u00e9percussion de ces augmentations, mais aussi dans la communication sur ce sujet, a appris France Inter aupr\u00e8s de Bercy. \u00ab\u00a0Depuis quelques jours, plusieurs contre-v\u00e9rit\u00e9s circulent sur les certificats d\u2019\u00e9conomies d\u2019\u00e9nergie (CEE). Elles \u00e9manent d\u2019abord de certains acteurs p\u00e9troliers qui cherchent \u00e0 faire oublier leurs propres responsabilit\u00e9s dans l\u2019\u00e9volution des prix\u00a0\u00bb, rappelle le minist\u00e8re de la Transition \u00e9cologique, dans un communiqu\u00e9 transmis \u00e0 France Inter.<\/p>\n","protected":false},"excerpt":{"rendered":"Cette augmentation ne touchera pas les contrats \u00e0 prix fixe, mais concernera notamment les clients d&rsquo;EDF et d&rsquo;Engie.&hellip;\n","protected":false},"author":2,"featured_media":572392,"comment_status":"","ping_status":"","sticky":false,"template":"","format":"standard","meta":{"footnotes":""},"categories":[6],"tags":[35,33,34,1011,27],"class_list":{"0":"post-572391","1":"post","2":"type-post","3":"status-publish","4":"format-standard","5":"has-post-thumbnail","7":"category-economie","8":"tag-business","9":"tag-economie","10":"tag-economy","11":"tag-fr","12":"tag-france"},"share_on_mastodon":{"url":"https:\/\/pubeurope.com\/@fr\/115648184653640555","error":""},"_links":{"self":[{"href":"https:\/\/www.europesays.com\/fr\/wp-json\/wp\/v2\/posts\/572391","targetHints":{"allow":["GET"]}}],"collection":[{"href":"https:\/\/www.europesays.com\/fr\/wp-json\/wp\/v2\/posts"}],"about":[{"href":"https:\/\/www.europesays.com\/fr\/wp-json\/wp\/v2\/types\/post"}],"author":[{"embeddable":true,"href":"https:\/\/www.europesays.com\/fr\/wp-json\/wp\/v2\/users\/2"}],"replies":[{"embeddable":true,"href":"https:\/\/www.europesays.com\/fr\/wp-json\/wp\/v2\/comments?post=572391"}],"version-history":[{"count":0,"href":"https:\/\/www.europesays.com\/fr\/wp-json\/wp\/v2\/posts\/572391\/revisions"}],"wp:featuredmedia":[{"embeddable":true,"href":"https:\/\/www.europesays.com\/fr\/wp-json\/wp\/v2\/media\/572392"}],"wp:attachment":[{"href":"https:\/\/www.europesays.com\/fr\/wp-json\/wp\/v2\/media?parent=572391"}],"wp:term":[{"taxonomy":"category","embeddable":true,"href":"https:\/\/www.europesays.com\/fr\/wp-json\/wp\/v2\/categories?post=572391"},{"taxonomy":"post_tag","embeddable":true,"href":"https:\/\/www.europesays.com\/fr\/wp-json\/wp\/v2\/tags?post=572391"}],"curies":[{"name":"wp","href":"https:\/\/api.w.org\/{rel}","templated":true}]}}