{"id":572393,"date":"2025-12-02T04:53:11","date_gmt":"2025-12-02T04:53:11","guid":{"rendered":"https:\/\/www.europesays.com\/fr\/572393\/"},"modified":"2025-12-02T04:53:11","modified_gmt":"2025-12-02T04:53:11","slug":"trump-met-un-gros-coup-de-pression-a-israel-pour-laisser-la-syrie-tranquille","status":"publish","type":"post","link":"https:\/\/www.europesays.com\/fr\/572393\/","title":{"rendered":"Trump met un gros coup de pression \u00e0 Isra\u00ebl pour laisser la Syrie tranquille"},"content":{"rendered":"<p><a href=\"https:\/\/www.20minutes.fr\/monde\/israel\/4189040-20251201-israel-quoi-demande-grace-benyamin-netanyahou-affaires-corruption\" target=\"_blank\" class=\"c-link c-link--is-underlined\" rel=\"noopener\">Benyamin Netanyahou<\/a> s\u2019est fait lundi remettre en place par son principal alli\u00e9. Et la remontrance concerne la Syrie. Donald Trump a en effet mis en garde Isra\u00ebl contre toute ing\u00e9rence qui risquerait de compromettre la transition du pays arabe en \u00ab\u00a0Etat prosp\u00e8re\u00a0\u00bb.<\/p>\n<p>Le pr\u00e9sident des Etats-Unis a pour cela \u00e9chang\u00e9 au t\u00e9l\u00e9phone avec le Premier ministre isra\u00e9lien et l\u2019a de nouveau invit\u00e9 \u00e0 la Maison-Blanche, ont affirm\u00e9 les services de Benyamin Netanyahou peu apr\u00e8s l\u2019avertissement lanc\u00e9 par Donald Trump.<\/p>\n<p>Une incursion d\u2019Isra\u00ebl qui ne pla\u00eet pas \u00e0 Trump<\/p>\n<p>Une incursion vendredi des forces isra\u00e9liennes dans un village du sud de la Syrie a fait 13 morts, selon Damas, tandis que l\u2019arm\u00e9e isra\u00e9lienne a affirm\u00e9 avoir vis\u00e9 un groupe islamiste. Depuis la chute il y a pr\u00e8s d\u2019un an <a href=\"https:\/\/www.20minutes.fr\/monde\/syrie\/4183831-20251114-syrie-retire-habits-noms-plongee-geoles-bachar-el-assad-arthur-sarradin\" target=\"_blank\" class=\"c-link c-link--is-underlined\" rel=\"noopener\">du pr\u00e9sident Bachar al-Assad<\/a>, renvers\u00e9 par une coalition islamiste, Isra\u00ebl a men\u00e9 des centaines de frappes et conduit des incursions en Syrie. L\u2019op\u00e9ration de vendredi est la plus meurtri\u00e8re de celles-ci et le minist\u00e8re syrien des Affaires \u00e9trang\u00e8res a d\u00e9nonc\u00e9 un \u00ab\u00a0crime de guerre\u00a0\u00bb.<\/p>\n<\/p>\n<p>\u00ab\u00a0Il est tr\u00e8s important qu\u2019Isra\u00ebl maintienne un dialogue fort et v\u00e9ritable avec la Syrie, que rien ne vienne interf\u00e9rer avec l\u2019\u00e9volution de la Syrie en un Etat prosp\u00e8re\u00a0\u00bb, a d\u00e9clar\u00e9 le locataire de la Maison-Blanche sur sa plateforme Truth Social, affirmant que les Etats-Unis \u00e9taient \u00ab\u00a0tr\u00e8s satisfaits des r\u00e9sultats affich\u00e9s\u00a0\u00bb par Damas.<\/p>\n<p>Une visite d\u2019al-Charaa \u00e0 la Maison-Blanche<\/p>\n<p><a href=\"https:\/\/www.20minutes.fr\/monde\/etats-unis\/4184868-20251111-etats-unis-ancien-chef-djihadiste-ahmad-al-chareh-accueilli-officiellement-trump-maison-blanche\" target=\"_blank\" class=\"c-link c-link--is-underlined\" rel=\"noopener\">Donald Trump avait re\u00e7u d\u00e9but novembre \u00e0 la Maison-Blanche<\/a> le nouveau chef d\u2019Etat syrien, Ahmed al-Charaa, pour une visite cordiale, au cours de laquelle l\u2019ancien djihadiste avait annonc\u00e9 que son pays rejoindrait la coalition internationale contre le groupe Etat islamique (EI). Le pr\u00e9sident am\u00e9ricain, qui a lev\u00e9 les sanctions contre Damas, pousse \u00e9galement pour qu\u2019un accord de s\u00e9curit\u00e9 soit conclu entre Isra\u00ebl et la Syrie.<\/p>\n<p><a href=\"https:\/\/www.20minutes.fr\/monde\/syrie\/\" target=\"_blank\" class=\"c-link c-btn c-btn--primary\" rel=\"noopener\">Notre dossier sur la Syrie<\/a><\/p>\n<p>\u00ab\u00a0Le nouveau pr\u00e9sident de la Syrie, Ahmed al-Charaa, travaille de mani\u00e8re assidue pour s\u2019assurer que des bonnes choses arrivent et que la Syrie et Isra\u00ebl aient \u00e0 l\u2019avenir une relation longue et prosp\u00e8re ensemble\u00a0\u00bb, a ainsi d\u00e9clar\u00e9 lundi Donald Trump dans son post sur Truth Social. \u00ab\u00a0C\u2019est une opportunit\u00e9 historique, et elle s\u2019ajoute au SUCC\u00c8S, d\u00e9j\u00e0 atteint, pour la PAIX AU MOYEN-ORIENT\u00a0\u00bb.<\/p>\n<p>Lors de leur \u00e9change par t\u00e9l\u00e9phone, Benyamin Netanyahou et Donald Trump ont \u00e9voqu\u00e9 un \u00ab\u00a0\u00e9largissement\u00a0\u00bb des accords de paix r\u00e9gionaux, selon un communiqu\u00e9 des services du Premier ministre isra\u00e9lien publi\u00e9 dans la foul\u00e9e du post de Donald Trump. Les deux dirigeants ont \u00e9galement \u00ab\u00a0soulign\u00e9 l\u2019importance et le devoir de d\u00e9sarmer le Hamas et de d\u00e9militariser la bande de Gaza\u00a0\u00bb.<\/p>\n","protected":false},"excerpt":{"rendered":"Benyamin Netanyahou s\u2019est fait lundi remettre en place par son principal alli\u00e9. Et la remontrance concerne la Syrie.&hellip;\n","protected":false},"author":2,"featured_media":572394,"comment_status":"","ping_status":"","sticky":false,"template":"","format":"standard","meta":{"footnotes":""},"categories":[5],"tags":[47,11,952,75,73,1011,27,14,664,74,12,32,133,28],"class_list":{"0":"post-572393","1":"post","2":"type-post","3":"status-publish","4":"format-standard","5":"has-post-thumbnail","7":"category-international","8":"tag-actualite","9":"tag-actualites","10":"tag-benyamin-netanyahou","11":"tag-donald-trump","12":"tag-etats-unis","13":"tag-fr","14":"tag-france","15":"tag-international","16":"tag-israel","17":"tag-monde","18":"tag-news","19":"tag-syrie","20":"tag-video","21":"tag-world"},"share_on_mastodon":{"url":"https:\/\/pubeurope.com\/@fr\/115648187855423109","error":""},"_links":{"self":[{"href":"https:\/\/www.europesays.com\/fr\/wp-json\/wp\/v2\/posts\/572393","targetHints":{"allow":["GET"]}}],"collection":[{"href":"https:\/\/www.europesays.com\/fr\/wp-json\/wp\/v2\/posts"}],"about":[{"href":"https:\/\/www.europesays.com\/fr\/wp-json\/wp\/v2\/types\/post"}],"author":[{"embeddable":true,"href":"https:\/\/www.europesays.com\/fr\/wp-json\/wp\/v2\/users\/2"}],"replies":[{"embeddable":true,"href":"https:\/\/www.europesays.com\/fr\/wp-json\/wp\/v2\/comments?post=572393"}],"version-history":[{"count":0,"href":"https:\/\/www.europesays.com\/fr\/wp-json\/wp\/v2\/posts\/572393\/revisions"}],"wp:featuredmedia":[{"embeddable":true,"href":"https:\/\/www.europesays.com\/fr\/wp-json\/wp\/v2\/media\/572394"}],"wp:attachment":[{"href":"https:\/\/www.europesays.com\/fr\/wp-json\/wp\/v2\/media?parent=572393"}],"wp:term":[{"taxonomy":"category","embeddable":true,"href":"https:\/\/www.europesays.com\/fr\/wp-json\/wp\/v2\/categories?post=572393"},{"taxonomy":"post_tag","embeddable":true,"href":"https:\/\/www.europesays.com\/fr\/wp-json\/wp\/v2\/tags?post=572393"}],"curies":[{"name":"wp","href":"https:\/\/api.w.org\/{rel}","templated":true}]}}