{"id":572395,"date":"2025-12-02T04:54:12","date_gmt":"2025-12-02T04:54:12","guid":{"rendered":"https:\/\/www.europesays.com\/fr\/572395\/"},"modified":"2025-12-02T04:54:12","modified_gmt":"2025-12-02T04:54:12","slug":"corps-decouvert-pres-du-stangalard-a-brest-trois-personnes-placees-en-garde-a-vue","status":"publish","type":"post","link":"https:\/\/www.europesays.com\/fr\/572395\/","title":{"rendered":"Corps d\u00e9couvert pr\u00e8s du Stangalard, \u00e0 Brest\u00a0: trois personnes plac\u00e9es en garde \u00e0 vue"},"content":{"rendered":"<p>L\u2019enqu\u00eate s\u2019acc\u00e9l\u00e8re apr\u00e8s la d\u00e9couverte, ce week-end, <a href=\"https:\/\/www.letelegramme.fr\/finistere\/brest-29200\/a-brest-une-enquete-pour-homicide-ouverte-apres-la-decouverte-du-corps-dun-homme-au-stangalar-6937605.php\" target=\"_blank\" rel=\"noopener\">du corps d\u2019un homme \u00e2g\u00e9 d\u2019une vingtaine d\u2019ann\u00e9es<\/a>, sur un parking de la rue du Stangalard, pr\u00e8s du vallon du m\u00eame nom, \u00e0 Brest. Le procureur de la R\u00e9publique, St\u00e9phane Kellenberger, indique au T\u00e9l\u00e9gramme, ce lundi, que \u00ab trois placements en garde \u00e0 vue ont eu lieu ce soir \u00bb.<\/p>\n<p>\u00ab Percut\u00e9 par un v\u00e9hicule puis tra\u00een\u00e9 sur le sol \u00bb<\/p>\n<p>Par ailleurs, les r\u00e9sultats de l\u2019autopsie m\u00e9dico-l\u00e9gale r\u00e9alis\u00e9e ce lundi 1er d\u00e9cembre 2025, ont permis \u00ab d\u2019objectiver plusieurs l\u00e9sions sur le corps de la victime, notamment au niveau du cr\u00e2ne, outre des ecchymoses et \u00e9rosions cutan\u00e9es multiples \u00bb. \u00ab Ces constatations tendaient \u00e0 corroborer l\u2019hypoth\u00e8se suivant laquelle le jeune homme avait \u00e9t\u00e9 percut\u00e9 par un v\u00e9hicule, puis tra\u00een\u00e9 sur le sol \u00bb, assure St\u00e9phane Kellenberger.<\/p>\n<p>Deux pr\u00e9c\u00e9dentes gardes \u00e0 vue<\/p>\n<p>Les circonstances du d\u00e9c\u00e8s de la victime restent encore troubles : son corps avait \u00e9t\u00e9 d\u00e9couvert dans la nuit du 28 au 29 novembre, vers minuit, par un usager du parking. Plus t\u00f4t dans la soir\u00e9e, des gendarmes avaient \u00e9t\u00e9 appel\u00e9s par des voisins et un groupe de jeunes gens, bruyants et apparemment alcoolis\u00e9s, avait \u00e9t\u00e9 rappel\u00e9 \u00e0 l\u2019ordre.<\/p>\n<p>Cette m\u00eame nuit, deux membres du groupe de jeunes s\u2019\u00e9taient pr\u00e9sent\u00e9s aux enqu\u00eateurs et avaient \u00e9t\u00e9 plac\u00e9s en garde \u00e0 vue. Ils en sont ressortis, libres, samedi 29 novembre au soir. Une enqu\u00eate contre X, pour homicide volontaire, a \u00e9t\u00e9 ouverte et confi\u00e9e \u00e0 la division criminalit\u00e9 organis\u00e9e et sp\u00e9cialis\u00e9e (DCOS, ex-PJ) du commissariat de Brest.<\/p>\n","protected":false},"excerpt":{"rendered":"L\u2019enqu\u00eate s\u2019acc\u00e9l\u00e8re apr\u00e8s la d\u00e9couverte, ce week-end, du corps d\u2019un homme \u00e2g\u00e9 d\u2019une vingtaine d\u2019ann\u00e9es, sur un parking&hellip;\n","protected":false},"author":2,"featured_media":572396,"comment_status":"","ping_status":"","sticky":false,"template":"","format":"standard","meta":{"footnotes":""},"categories":[4],"tags":[11,3450,3321,1011,27,4555,12,25],"class_list":{"0":"post-572395","1":"post","2":"type-post","3":"status-publish","4":"format-standard","5":"has-post-thumbnail","7":"category-france","8":"tag-actualites","9":"tag-brest","10":"tag-finistere","11":"tag-fr","12":"tag-france","13":"tag-local","14":"tag-news","15":"tag-republique-francaise"},"share_on_mastodon":{"url":"https:\/\/pubeurope.com\/@fr\/115648191788623240","error":""},"_links":{"self":[{"href":"https:\/\/www.europesays.com\/fr\/wp-json\/wp\/v2\/posts\/572395","targetHints":{"allow":["GET"]}}],"collection":[{"href":"https:\/\/www.europesays.com\/fr\/wp-json\/wp\/v2\/posts"}],"about":[{"href":"https:\/\/www.europesays.com\/fr\/wp-json\/wp\/v2\/types\/post"}],"author":[{"embeddable":true,"href":"https:\/\/www.europesays.com\/fr\/wp-json\/wp\/v2\/users\/2"}],"replies":[{"embeddable":true,"href":"https:\/\/www.europesays.com\/fr\/wp-json\/wp\/v2\/comments?post=572395"}],"version-history":[{"count":0,"href":"https:\/\/www.europesays.com\/fr\/wp-json\/wp\/v2\/posts\/572395\/revisions"}],"wp:featuredmedia":[{"embeddable":true,"href":"https:\/\/www.europesays.com\/fr\/wp-json\/wp\/v2\/media\/572396"}],"wp:attachment":[{"href":"https:\/\/www.europesays.com\/fr\/wp-json\/wp\/v2\/media?parent=572395"}],"wp:term":[{"taxonomy":"category","embeddable":true,"href":"https:\/\/www.europesays.com\/fr\/wp-json\/wp\/v2\/categories?post=572395"},{"taxonomy":"post_tag","embeddable":true,"href":"https:\/\/www.europesays.com\/fr\/wp-json\/wp\/v2\/tags?post=572395"}],"curies":[{"name":"wp","href":"https:\/\/api.w.org\/{rel}","templated":true}]}}