{"id":572403,"date":"2025-12-02T04:59:24","date_gmt":"2025-12-02T04:59:24","guid":{"rendered":"https:\/\/www.europesays.com\/fr\/572403\/"},"modified":"2025-12-02T04:59:24","modified_gmt":"2025-12-02T04:59:24","slug":"saint-max-les-chants-de-noel-ont-resonne-au-clos-pre","status":"publish","type":"post","link":"https:\/\/www.europesays.com\/fr\/572403\/","title":{"rendered":"Saint-Max. Les chants de No\u00ebl ont r\u00e9sonn\u00e9 au Clos Pr\u00e9"},"content":{"rendered":"<p>Le groupe Gospel Mississippi est venu chanter pour les r\u00e9sidents du Clos Pr\u00e9. Ils ont offert une prestation magique devant plus de 50 r\u00e9sidents et familles. Leur r\u00e9pertoire, allant de Hallelujah  de Leonard Cohen \u00e0 des chants de No\u00ebl en plusieurs langues comme Douce nuit ou Navida , a profond\u00e9ment touch\u00e9 notre public. Certains r\u00e9sidents ont \u00e9t\u00e9 \u00e9mus aux larmes en les entendant chanter. Le groupe lui-m\u00eame a \u00e9t\u00e9 touch\u00e9 par ces r\u00e9actions sinc\u00e8res et pleines d\u2019humanit\u00e9.<\/p>\n","protected":false},"excerpt":{"rendered":"Le groupe Gospel Mississippi est venu chanter pour les r\u00e9sidents du Clos Pr\u00e9. Ils ont offert une prestation&hellip;\n","protected":false},"author":2,"featured_media":572404,"comment_status":"","ping_status":"","sticky":false,"template":"","format":"standard","meta":{"footnotes":""},"categories":[9635],"tags":[1111,11,1687,1704,1777,674,1011,27,775,11260,873,1702,12,25,16937],"class_list":{"0":"post-572403","1":"post","2":"type-post","3":"status-publish","4":"format-standard","5":"has-post-thumbnail","7":"category-nancy","8":"tag-actu","9":"tag-actualites","10":"tag-culture-loisirs","11":"tag-edition-nancy-et-agglomeration","12":"tag-eu","13":"tag-europe","14":"tag-fr","15":"tag-france","16":"tag-grand-est","17":"tag-metropole-du-grand-nancy-54b4","18":"tag-musique","19":"tag-nancy","20":"tag-news","21":"tag-republique-francaise","22":"tag-saint-max"},"share_on_mastodon":{"url":"https:\/\/pubeurope.com\/@fr\/115648211577919505","error":""},"_links":{"self":[{"href":"https:\/\/www.europesays.com\/fr\/wp-json\/wp\/v2\/posts\/572403","targetHints":{"allow":["GET"]}}],"collection":[{"href":"https:\/\/www.europesays.com\/fr\/wp-json\/wp\/v2\/posts"}],"about":[{"href":"https:\/\/www.europesays.com\/fr\/wp-json\/wp\/v2\/types\/post"}],"author":[{"embeddable":true,"href":"https:\/\/www.europesays.com\/fr\/wp-json\/wp\/v2\/users\/2"}],"replies":[{"embeddable":true,"href":"https:\/\/www.europesays.com\/fr\/wp-json\/wp\/v2\/comments?post=572403"}],"version-history":[{"count":0,"href":"https:\/\/www.europesays.com\/fr\/wp-json\/wp\/v2\/posts\/572403\/revisions"}],"wp:featuredmedia":[{"embeddable":true,"href":"https:\/\/www.europesays.com\/fr\/wp-json\/wp\/v2\/media\/572404"}],"wp:attachment":[{"href":"https:\/\/www.europesays.com\/fr\/wp-json\/wp\/v2\/media?parent=572403"}],"wp:term":[{"taxonomy":"category","embeddable":true,"href":"https:\/\/www.europesays.com\/fr\/wp-json\/wp\/v2\/categories?post=572403"},{"taxonomy":"post_tag","embeddable":true,"href":"https:\/\/www.europesays.com\/fr\/wp-json\/wp\/v2\/tags?post=572403"}],"curies":[{"name":"wp","href":"https:\/\/api.w.org\/{rel}","templated":true}]}}