{"id":572407,"date":"2025-12-02T05:02:20","date_gmt":"2025-12-02T05:02:20","guid":{"rendered":"https:\/\/www.europesays.com\/fr\/572407\/"},"modified":"2025-12-02T05:02:20","modified_gmt":"2025-12-02T05:02:20","slug":"sanary-la-saint-nazairienne-le-monde-des-animaux-en-musique","status":"publish","type":"post","link":"https:\/\/www.europesays.com\/fr\/572407\/","title":{"rendered":"Sanary : La Saint Nazairienne \u2013 Le monde des animaux en musique"},"content":{"rendered":"<p>        <a href=\"https:\/\/www.tv83.info\/wp-content\/uploads\/2025\/09\/St_nazairienne_monde_des_animaux.jpg\" data-caption=\"\" target=\"_blank\" rel=\"noopener\"><img loading=\"lazy\" decoding=\"async\" width=\"696\" height=\"984\" class=\"entry-thumb td-modal-image\" src=\"https:\/\/www.europesays.com\/fr\/wp-content\/uploads\/2025\/12\/St_nazairienne_monde_des_animaux-696x984.jpg\"   alt=\"\" title=\"St_nazairienne_monde_des_animaux\"\/><\/a><\/p>\n<p><strong>dimanche 14 d\u00e9cembre 2025<\/strong> \u00e0 15h00<br \/>Th\u00e9\u00e2tre Galli<br \/>80 Avenue Raoul Henry<br \/>83110 Sanary-sur-Mer<br \/>T\u00e9l : (+33) 4 94 88 53 90<\/p>\n<p>Pour son concert de fin d\u2019ann\u00e9e, la Soci\u00e9t\u00e9 Musicale La Saint Nazairienne se propose de vous faire passer un agr\u00e9able moment en vous plongeant dans le monde des animaux mis en musique.<\/p>\n<p>Bien s\u00fbr, le c\u00e9l\u00e8bre \u00ab Carnaval des Animaux \u00bb de Camille Saint Sa\u00ebns sera mis \u00e0 l\u2019honneur, une cr\u00e9ation de Bert Appermont pour \u00e9voquer le d\u00e9luge de l\u2019Arche de No\u00eb ainsi que la bande originale du long m\u00e9trage \u00ab Les Aristochats \u00bb de Walt Disney ; la vie sauvage des animaux de la savane africaine sera \u00e9voqu\u00e9e ainsi que les animaux du cirque.<\/p>\n<p>Les musiciennes et musiciens de la Saint Nazairienne vous r\u00e9servent quelques belles autres surprises sur le monde animal et toujours en musique.<\/p>\n<p>Tarif unique 10\u20ac<br \/>Hors abonnement<\/p>\n<p><a href=\"https:\/\/www.restosducoeur.org\/associations-departementales\/les-restos-du-coeur-du-var\/\" target=\"_blank\" rel=\"noopener\"><img decoding=\"async\" style=\"height:70px;width:140px\" src=\"https:\/\/www.europesays.com\/fr\/wp-content\/uploads\/2025\/04\/restos-du-coeur.jpg\"\/><\/a>        <\/p>\n","protected":false},"excerpt":{"rendered":"dimanche 14 d\u00e9cembre 2025 \u00e0 15h00Th\u00e9\u00e2tre Galli80 Avenue Raoul Henry83110 Sanary-sur-MerT\u00e9l : (+33) 4 94 88 53 90&hellip;\n","protected":false},"author":2,"featured_media":572408,"comment_status":"","ping_status":"","sticky":false,"template":"","format":"standard","meta":{"footnotes":""},"categories":[9619],"tags":[1111,11,1777,674,1011,27,12,882,25,2310],"class_list":{"0":"post-572407","1":"post","2":"type-post","3":"status-publish","4":"format-standard","5":"has-post-thumbnail","7":"category-toulon","8":"tag-actu","9":"tag-actualites","10":"tag-eu","11":"tag-europe","12":"tag-fr","13":"tag-france","14":"tag-news","15":"tag-provence-alpes-cote-dazur","16":"tag-republique-francaise","17":"tag-toulon"},"share_on_mastodon":{"url":"https:\/\/pubeurope.com\/@fr\/115648224088739975","error":""},"_links":{"self":[{"href":"https:\/\/www.europesays.com\/fr\/wp-json\/wp\/v2\/posts\/572407","targetHints":{"allow":["GET"]}}],"collection":[{"href":"https:\/\/www.europesays.com\/fr\/wp-json\/wp\/v2\/posts"}],"about":[{"href":"https:\/\/www.europesays.com\/fr\/wp-json\/wp\/v2\/types\/post"}],"author":[{"embeddable":true,"href":"https:\/\/www.europesays.com\/fr\/wp-json\/wp\/v2\/users\/2"}],"replies":[{"embeddable":true,"href":"https:\/\/www.europesays.com\/fr\/wp-json\/wp\/v2\/comments?post=572407"}],"version-history":[{"count":0,"href":"https:\/\/www.europesays.com\/fr\/wp-json\/wp\/v2\/posts\/572407\/revisions"}],"wp:featuredmedia":[{"embeddable":true,"href":"https:\/\/www.europesays.com\/fr\/wp-json\/wp\/v2\/media\/572408"}],"wp:attachment":[{"href":"https:\/\/www.europesays.com\/fr\/wp-json\/wp\/v2\/media?parent=572407"}],"wp:term":[{"taxonomy":"category","embeddable":true,"href":"https:\/\/www.europesays.com\/fr\/wp-json\/wp\/v2\/categories?post=572407"},{"taxonomy":"post_tag","embeddable":true,"href":"https:\/\/www.europesays.com\/fr\/wp-json\/wp\/v2\/tags?post=572407"}],"curies":[{"name":"wp","href":"https:\/\/api.w.org\/{rel}","templated":true}]}}