{"id":572409,"date":"2025-12-02T05:03:24","date_gmt":"2025-12-02T05:03:24","guid":{"rendered":"https:\/\/www.europesays.com\/fr\/572409\/"},"modified":"2025-12-02T05:03:24","modified_gmt":"2025-12-02T05:03:24","slug":"john-roberson-bientot-prolonge-au-htv-jusquen-2027-un-denouement-inespere-pour-hyeres-toulon","status":"publish","type":"post","link":"https:\/\/www.europesays.com\/fr\/572409\/","title":{"rendered":"John Roberson bient\u00f4t prolong\u00e9 au HTV jusqu\u2019en 2027 ? Un d\u00e9nouement inesp\u00e9r\u00e9 pour Hy\u00e8res-Toulon"},"content":{"rendered":"<p data-start=\"605\" data-end=\"858\">L\u2019histoire entre <a target=\"_blank\" rel=\"noopener\" href=\"https:\/\/www.bebasket.fr\/joueur\/john-roberson\">John Roberson (1,80 m, 37 ans)<\/a> et le HTV n\u2019\u00e9tait cens\u00e9e durer qu\u2019un mois. Finalement, elle devrait s\u2019inscrire dans la dur\u00e9e, preuve du tournant pris par l\u2019\u00e9quipe de St\u00e9phane Dumas depuis le retour sur les parquets de l\u2019ancien champion de France 2017.<\/p>\n<p><strong data-start=\"865\" data-end=\"912\">Un mois devenu trois ans pour John Roberson<\/strong><\/p>\n<p data-start=\"914\" data-end=\"1206\">Pour prolonger John Roberson jusqu\u2019en 2027, le HTV a d\u00fb se mettre en accord avec les r\u00e8glements de la DNCCG. Cela a impliqu\u00e9 de lib\u00e9rer un joueur : c\u2019est <a target=\"_blank\" rel=\"noopener\" href=\"https:\/\/www.bebasket.fr\/joueur\/ikenna-ndugba\">Ikenna Ndugba (1,83 m, 27 ans)<\/a>, initialement pr\u00e9vu sur le poste de meneur, qui devrait quitter le club. En ELITE 2, ce dernier tournait \u00e0 10,3 points, 2,3 rebonds et 3,0 passes d\u00e9cisives en 4 matchs.<\/p>\n<p>PROFIL JOUEUR<\/p>\n<p><a href=\"https:\/\/www.bebasket.fr\/joueur\/ikenna-ndugba\" target=\"_blank\" rel=\"noopener\"> <img decoding=\"async\" loading=\"lazy\" class=\"player-infos-image\" src=\"https:\/\/www.europesays.com\/fr\/wp-content\/uploads\/2025\/12\/photo-profil-joueur-basketball-2025-1f04ac98-b163-6bae-8c75-5b649231d07a.png\" alt=\"\" width=\"500\" height=\"500\"\/> <\/a><\/p>\n<p>Poste(s): Meneur<\/p>\n<p>Taille: 183 cm<\/p>\n<p>\u00c2ge: 27 ans (11\/06\/1998)<\/p>\n<p>Nationalit\u00e9s:<\/p>\n<p><img decoding=\"async\" loading=\"lazy\" class=\"flag\" title=\"Etats-Unis\" src=\"https:\/\/www.europesays.com\/fr\/wp-content\/uploads\/2025\/06\/logo-usa-1ee78969-8c19-6296-b3a9-f77fe7e4cd0e.jpg\" alt=\"logo usa.jpg\" width=\"50\" height=\"50\"\/><\/p>\n<p><img decoding=\"async\" loading=\"lazy\" class=\"flag\" title=\"Nig\u00e9ria\" src=\"https:\/\/www.europesays.com\/fr\/wp-content\/uploads\/2025\/06\/logo-ni-1ee78d39-eae9-65d6-b0c6-1f49a1eb8610.jpg\" alt=\"logo nig.jpg\" width=\"50\" height=\"50\"\/><\/p>\n<p>Stats 2025-2026 \/ Coupe de France Masculine<\/p>\n<p data-start=\"914\" data-end=\"1206\"><a href=\"https:\/\/www.bebasket.fr\/tu-nous-as-pris-pour-le-real-madrid-ou-quoi-comment-le-htv-a-reussi-a-signer-john-roberson\" target=\"_blank\" rel=\"noopener\">Arriv\u00e9 comme rempla\u00e7ant m\u00e9dical au d\u00e9but du mois d\u2019octobre<\/a>, John Roberson a d\u2019abord connu trois d\u00e9faites avant que la dynamique ne bascule. Depuis, Hy\u00e8res-Toulon a remport\u00e9 quatre rencontres, port\u00e9 par un meneur retrouv\u00e9 : 18,3 points \u00e0 50% aux tirs (49,2% \u00e0 3-points), 1,7 rebond et 6 passes d\u00e9cisives de moyenne sur ses sept matchs jou\u00e9s.<\/p>\n<p>LIRE AUSSI<\/p>\n<p><a href=\"https:\/\/www.bebasket.fr\/tu-nous-as-pris-pour-le-real-madrid-ou-quoi-comment-le-htv-a-reussi-a-signer-john-roberson\" target=\"_blank\" rel=\"noopener\"> <img decoding=\"async\" src=\"https:\/\/www.europesays.com\/fr\/wp-content\/uploads\/2025\/12\/35184563714-186b0b5208-k-1f0a5bc9-9c69-65e2-a91b-05c0e2b0c703.jpg\" alt=\"\"\/> <\/a><\/p>\n<p data-start=\"1208\" data-end=\"1548\">Avec lui, le HTV a chang\u00e9 de dimension et peut viser un maintien serein. L\u2019\u00e9quipe reste sur un exploit contre le leader Orl\u00e9ans (74-70), gr\u00e2ce notamment \u00e0 20 points et 5 passes d\u00e9cisives de son meneur.<\/p>\n<p><strong data-start=\"1758\" data-end=\"1827\">Un cadre id\u00e9al pour la fin de carri\u00e8re du champion de France 2017<\/strong><\/p>\n<p data-start=\"1829\" data-end=\"2135\">En prolongeant jusqu\u2019en 2027, John Roberson pourrait terminer sa carri\u00e8re professionnelle \u00e0 Hy\u00e8res-Toulon. Huit ans apr\u00e8s son titre avec Chalon, le meneur de 36 ans \u00e9volue \u00e0 nouveau \u00e0 un niveau tr\u00e8s \u00e9lev\u00e9 et se projette d\u00e9sormais sur le projet varois, un environnement qui semble parfaitement lui convenir.<\/p>\n<p data-start=\"2137\" data-end=\"2357\">Le HTV lui offre cette fois une stabilit\u00e9 renouvel\u00e9e et une place centrale dans le projet sportif.<\/p>\n<p>PROFIL JOUEUR<\/p>\n<p><a href=\"https:\/\/www.bebasket.fr\/joueur\/john-roberson\" target=\"_blank\" rel=\"noopener\"> <img decoding=\"async\" loading=\"lazy\" class=\"player-infos-image\" src=\"https:\/\/www.europesays.com\/fr\/wp-content\/uploads\/2025\/10\/photo-profil-joueur-basketball-2025-1f0145fa-7357-6174-aae7-331f6ca21e3c.jpg\" alt=\"\" width=\"500\" height=\"500\"\/> <\/a><\/p>\n<p>Poste(s): Meneur<\/p>\n<p>Taille: 180 cm<\/p>\n<p>\u00c2ge: 37 ans (28\/10\/1988)<\/p>\n<p>Nationalit\u00e9s:<\/p>\n<p><img decoding=\"async\" loading=\"lazy\" class=\"flag\" title=\"Etats-Unis\" src=\"https:\/\/www.europesays.com\/fr\/wp-content\/uploads\/2025\/06\/logo-usa-1ee78969-8c19-6296-b3a9-f77fe7e4cd0e.jpg\" alt=\"logo usa.jpg\" width=\"50\" height=\"50\"\/><\/p>\n<p><img decoding=\"async\" loading=\"lazy\" class=\"flag\" title=\"Bosnie-Herz\u00e9govine\" src=\"https:\/\/www.europesays.com\/fr\/wp-content\/uploads\/2025\/12\/logo-bih-1ee861ae-3226-655e-b4f5-6b882cc5923a.jpg\" alt=\"logo bih.jpg\" width=\"50\" height=\"50\"\/><\/p>\n<p>Stats 2025-2026 \/ ELITE 2<\/p>\n<p><strong data-start=\"2364\" data-end=\"2423\">Une prolongation rendue possible par un impact imm\u00e9diat<\/strong><\/p>\n<p data-start=\"2425\" data-end=\"2753\">Le club n\u2019a jamais cach\u00e9 que la venue de John Roberson en octobre avait \u00e9t\u00e9 une immense surprise. Lui qui sortait d\u2019un EuroBasket tr\u00e8s r\u00e9ussi avec la Bosnie-Herz\u00e9govine, o\u00f9 la star Jusuf Nurkic lui avait adress\u00e9 des remerciements publics, ne devait \u00eatre l\u00e0 que pour se relancer physiquement. Mais la greffe a pris imm\u00e9diatement.<\/p>\n<p data-start=\"2755\" data-end=\"3040\">Le HTV a su saisir l\u2019opportunit\u00e9 : l\u2019ancien joueur de l\u2019ASVEL d\u00e9montre depuis des semaines qu\u2019il reste l\u2019un des meilleurs shooteurs du championnat. Sa pr\u00e9cision ext\u00e9rieure, sa gestion du tempo et son leadership ont chang\u00e9 le visage de l\u2019\u00e9quipe.<\/p>\n<p><img decoding=\"async\" loading=\"lazy\" class=\"size-full wp-image-244403\" src=\"https:\/\/www.europesays.com\/fr\/wp-content\/uploads\/2025\/12\/Malgre-son-traditionnel-body-language-John-Roberson-a-tout-dun-vrai-leader-naturel.jpg\" alt=\"Malgr\u00e9 son traditionnel body-language, John Roberson a tout d'un vrai leader naturel\" width=\"1067\" height=\"1600\"  \/>Malgr\u00e9 son traditionnel body-language, John Roberson a tout d\u2019un vrai leader naturel (photo : S\u00e9bastien Grasset)<br \/>\n<strong data-start=\"3047\" data-end=\"3079\">Le HTV peut r\u00eaver plus grand<\/strong><\/p>\n<p data-start=\"3081\" data-end=\"3329\">S\u00e9curiser John Roberson jusqu\u2019en 2027 donne au HTV une base forte pour construire. Le meneur redevient un candidat cr\u00e9dible au troph\u00e9e de MVP d\u2019ELITE 2, tandis que l\u2019\u00e9quipe, 11e avec un bilan \u00e9quilibr\u00e9, peut m\u00eame envisager poursuivre sa remont\u00e9e au classement pour participer aux barrages d\u2019accession.<\/p>\n<p data-start=\"3331\" data-end=\"3513\">Pour Hy\u00e8res-Toulon, cette prolongation est un message clair : le club veut capitaliser sur sa belle dynamique et retrouver de la stabilit\u00e9 dans un championnat particuli\u00e8rement dense, deux ans apr\u00e8s sa remont\u00e9e en deuxi\u00e8me division.<\/p>\n","protected":false},"excerpt":{"rendered":"L\u2019histoire entre John Roberson (1,80 m, 37 ans) et le HTV n\u2019\u00e9tait cens\u00e9e durer qu\u2019un mois. Finalement, elle&hellip;\n","protected":false},"author":2,"featured_media":572410,"comment_status":"","ping_status":"","sticky":false,"template":"","format":"standard","meta":{"footnotes":""},"categories":[9619],"tags":[1111,11,1777,674,1011,27,12,882,25,2310],"class_list":{"0":"post-572409","1":"post","2":"type-post","3":"status-publish","4":"format-standard","5":"has-post-thumbnail","7":"category-toulon","8":"tag-actu","9":"tag-actualites","10":"tag-eu","11":"tag-europe","12":"tag-fr","13":"tag-france","14":"tag-news","15":"tag-provence-alpes-cote-dazur","16":"tag-republique-francaise","17":"tag-toulon"},"share_on_mastodon":{"url":"https:\/\/pubeurope.com\/@fr\/115648228031311113","error":""},"_links":{"self":[{"href":"https:\/\/www.europesays.com\/fr\/wp-json\/wp\/v2\/posts\/572409","targetHints":{"allow":["GET"]}}],"collection":[{"href":"https:\/\/www.europesays.com\/fr\/wp-json\/wp\/v2\/posts"}],"about":[{"href":"https:\/\/www.europesays.com\/fr\/wp-json\/wp\/v2\/types\/post"}],"author":[{"embeddable":true,"href":"https:\/\/www.europesays.com\/fr\/wp-json\/wp\/v2\/users\/2"}],"replies":[{"embeddable":true,"href":"https:\/\/www.europesays.com\/fr\/wp-json\/wp\/v2\/comments?post=572409"}],"version-history":[{"count":0,"href":"https:\/\/www.europesays.com\/fr\/wp-json\/wp\/v2\/posts\/572409\/revisions"}],"wp:featuredmedia":[{"embeddable":true,"href":"https:\/\/www.europesays.com\/fr\/wp-json\/wp\/v2\/media\/572410"}],"wp:attachment":[{"href":"https:\/\/www.europesays.com\/fr\/wp-json\/wp\/v2\/media?parent=572409"}],"wp:term":[{"taxonomy":"category","embeddable":true,"href":"https:\/\/www.europesays.com\/fr\/wp-json\/wp\/v2\/categories?post=572409"},{"taxonomy":"post_tag","embeddable":true,"href":"https:\/\/www.europesays.com\/fr\/wp-json\/wp\/v2\/tags?post=572409"}],"curies":[{"name":"wp","href":"https:\/\/api.w.org\/{rel}","templated":true}]}}