{"id":572419,"date":"2025-12-02T05:09:16","date_gmt":"2025-12-02T05:09:16","guid":{"rendered":"https:\/\/www.europesays.com\/fr\/572419\/"},"modified":"2025-12-02T05:09:16","modified_gmt":"2025-12-02T05:09:16","slug":"la-mut-placee-en-redressement-judiciaire-2","status":"publish","type":"post","link":"https:\/\/www.europesays.com\/fr\/572419\/","title":{"rendered":"la Mut&rsquo; plac\u00e9e en redressement judiciaire"},"content":{"rendered":"<p itemprop=\"description\"><strong>A sa demande, le Groupe hospitalier mutualiste de Grenoble a \u00e9t\u00e9 plac\u00e9 en redressement judiciaire ce lundi.<\/strong><\/p>\n<p>La demande avait \u00e9t\u00e9 formul\u00e9e par la direction de la Mut&rsquo; le 21 novembre dernier aupr\u00e8s du tribunal judiciaire de Grenoble.<\/p>\n<p>Ce dernier permet donc le gel des dettes \u00e0 travers cette p\u00e9riode d&rsquo;observation de six mois. Et probablement de pouvoir conserver \u00e0 moyen terme les 1300 emplois du GHM, tout en continuant \u00e0 accueillir les patients is\u00e9rois, qui sont 120 000 \u00e0 passer chaque ann\u00e9e entre les mains du personnel soignant.<\/p>\n<p>Pour rappel, la Mut&rsquo; s&rsquo;est retrouv\u00e9e prise dans la spirale infernale du groupe Avec, soup\u00e7onn\u00e9 de l&rsquo;avoir rachet\u00e9 en 2020 pour \u00e9purer ses dettes. Depuis, le pr\u00e9sident Bernard Bensaid a \u00e9t\u00e9 \u00e9cart\u00e9 et mis en examen.<\/p>\n<p>Mais le GHM, qui avait r\u00e9ussi \u00e0 retrouver un chiffre d&rsquo;affaires en progression ces derniers mois, fait d\u00e9sormais face \u00e0 l&rsquo;annonce des baisses de dotations de l&rsquo;Etat. D&rsquo;o\u00f9 la demande de placement en redressement judiciaire accept\u00e9e par la justice grenobloise.<\/p>\n","protected":false},"excerpt":{"rendered":"A sa demande, le Groupe hospitalier mutualiste de Grenoble a \u00e9t\u00e9 plac\u00e9 en redressement judiciaire ce lundi. La&hellip;\n","protected":false},"author":2,"featured_media":572418,"comment_status":"","ping_status":"","sticky":false,"template":"","format":"standard","meta":{"footnotes":""},"categories":[9566],"tags":[1111,11,2813,2430,1109,251,1112,2811,1777,674,118,1011,27,21780,2731,14004,1922,1110,1114,108,12,316,25,2812,517,800],"class_list":{"0":"post-572419","1":"post","2":"type-post","3":"status-publish","4":"format-standard","5":"has-post-thumbnail","7":"category-grenoble","8":"tag-actu","9":"tag-actualites","10":"tag-article","11":"tag-auvergne-rhone-alpes","12":"tag-breves","13":"tag-culture","14":"tag-depeches","15":"tag-economique","16":"tag-eu","17":"tag-europe","18":"tag-faits-divers","19":"tag-fr","20":"tag-france","21":"tag-gf38","22":"tag-grenoble","23":"tag-grenoblemag","24":"tag-info","25":"tag-informations","26":"tag-infos","27":"tag-isere","28":"tag-news","29":"tag-politique","30":"tag-republique-francaise","31":"tag-sociale","32":"tag-sport","33":"tag-transports"},"share_on_mastodon":{"url":"https:\/\/pubeurope.com\/@fr\/115648250994483680","error":""},"_links":{"self":[{"href":"https:\/\/www.europesays.com\/fr\/wp-json\/wp\/v2\/posts\/572419","targetHints":{"allow":["GET"]}}],"collection":[{"href":"https:\/\/www.europesays.com\/fr\/wp-json\/wp\/v2\/posts"}],"about":[{"href":"https:\/\/www.europesays.com\/fr\/wp-json\/wp\/v2\/types\/post"}],"author":[{"embeddable":true,"href":"https:\/\/www.europesays.com\/fr\/wp-json\/wp\/v2\/users\/2"}],"replies":[{"embeddable":true,"href":"https:\/\/www.europesays.com\/fr\/wp-json\/wp\/v2\/comments?post=572419"}],"version-history":[{"count":0,"href":"https:\/\/www.europesays.com\/fr\/wp-json\/wp\/v2\/posts\/572419\/revisions"}],"wp:featuredmedia":[{"embeddable":true,"href":"https:\/\/www.europesays.com\/fr\/wp-json\/wp\/v2\/media\/572418"}],"wp:attachment":[{"href":"https:\/\/www.europesays.com\/fr\/wp-json\/wp\/v2\/media?parent=572419"}],"wp:term":[{"taxonomy":"category","embeddable":true,"href":"https:\/\/www.europesays.com\/fr\/wp-json\/wp\/v2\/categories?post=572419"},{"taxonomy":"post_tag","embeddable":true,"href":"https:\/\/www.europesays.com\/fr\/wp-json\/wp\/v2\/tags?post=572419"}],"curies":[{"name":"wp","href":"https:\/\/api.w.org\/{rel}","templated":true}]}}