{"id":572420,"date":"2025-12-02T05:10:34","date_gmt":"2025-12-02T05:10:34","guid":{"rendered":"https:\/\/www.europesays.com\/fr\/572420\/"},"modified":"2025-12-02T05:10:34","modified_gmt":"2025-12-02T05:10:34","slug":"manifestation-transports-ecoles-voici-a-quoi-sattendre","status":"publish","type":"post","link":"https:\/\/www.europesays.com\/fr\/572420\/","title":{"rendered":"manifestation, transports, \u00e9coles\u2026 Voici \u00e0 quoi s&rsquo;attendre"},"content":{"rendered":"<p>                    Par<br \/>\n        <strong><br \/>\n            <a href=\"https:\/\/actu.fr\/auteur\/clemence-pays02-actu-fr\" title=\"Consulter tous les articles de Cl\u00e9mence Pays\" target=\"_blank\" rel=\"noopener\">Cl\u00e9mence Pays<\/a><br \/>\n                    <\/strong><\/p>\n<p>        Publi\u00e9 le<\/p>\n<p>            1 d\u00e9c. 2025 \u00e0 14h37        <\/p>\n<p>Une <a href=\"https:\/\/actu.fr\/societe\/greve-du-2-decembre-a-quoi-s-attendre-dans-les-transports-et-les-services-publics_63501924.html\" target=\"_blank\" rel=\"noopener\">nouvelle journ\u00e9e de mobilisation se pr\u00e9pare en France<\/a>. \u00c0 Rennes, l\u2019intersyndicale (Force ouvri\u00e8re 35, CGT, FSU, Solidaires, la Conf\u00e9d\u00e9ration paysanne et les syndicats \u00e9tudiants) a d\u00e9cid\u00e9 de r\u00e9pondre \u00e0 l\u2019appel national et manifestera <strong>mardi 2\u00a0d\u00e9cembre<\/strong> 2025.<\/p>\n<p class=\" wall-content\">Le rendez-vous est donn\u00e9<strong> \u00e0 13h, place de la R\u00e9publique.<\/strong><\/p>\n<p>\u00ab\u2009L\u2019urgence est \u00e0 s\u2019unir\u2009\u00bb<\/p>\n<p class=\" wall-content\">Plusieurs sujets sont au c\u0153ur des revendications. La principale \u00e9tant <strong>l\u2019abrogation de la r\u00e9forme des retraites,<\/strong> <a href=\"https:\/\/actu.fr\/politique\/l-assemblee-nationale-adopte-la-suspension-de-la-reforme-des-retraites-jusqu-en-2028_63427911.html\" target=\"_blank\" rel=\"noopener\">suspendue jusqu\u2019en 2028 par l\u2019Assembl\u00e9e nationale<\/a> en premi\u00e8re lecture. <a href=\"https:\/\/actu.fr\/politique\/reforme-des-retraites-le-senat-revient-sur-la-suspension-voici-pourquoi-ce-vote-ne-sert-sans-doute-a-rien_63488093.html\" target=\"_blank\" rel=\"noopener\">Suspension ensuite supprim\u00e9e par le S\u00e9nat<\/a>.<\/p>\n<p class=\" wall-content\">FO r\u00e9clame \u00e9galement <strong>\u00ab\u2009l\u2019abandon du projet de budget d\u2019aust\u00e9rit\u00e9<\/strong> qui nous m\u00e8ne dans le mur socialement et d\u00e9mocratiquement\u2009\u00bb, d\u00e9voile Fabrice Lerestif, secr\u00e9taire g\u00e9n\u00e9ral FO 35. L\u2019<strong>augmentation des salaires et pensions<\/strong> de retraite fait aussi l\u2019objet de r\u00e9clamations.<\/p>\n<blockquote class=\"ac-article-quote wall-content\">\n<p>Dans un contexte de grande confusion et de division, il est essentiel de montrer malgr\u00e9 tous les obstacles et difficult\u00e9s, que l&rsquo;urgence est \u00e0 s&rsquo;unir pour reconstruire l&rsquo;espoir de jours heureux.<\/p>\n<p>    <strong>Fabrice Lerestif<\/strong><br \/>\n        Secr\u00e9taire g\u00e9n\u00e9ral de l&rsquo;union d\u00e9partementale Force ouvri\u00e8re 35    <\/p><\/blockquote>\n<p class=\" wall-content\">Snes-FSU veut aussi dire stop aux <strong>suppressions de postes<\/strong> dans les coll\u00e8ges et lyc\u00e9es. \u00ab\u2009Encore 3\u2009000 postes supprim\u00e9s en 2026\u2009! Il faudrait en cr\u00e9er 45\u2009000 pour retrouver le niveau d\u2019encadrement de 2006\u2009\u00bb, estime le syndicat.<\/p>\n<p class=\" wall-content\">\n<p>Votre r\u00e9gion, votre actu !<\/p>\n<p>Recevez chaque jour les infos qui comptent pour vous.<\/p>\n<p>\t<a href=\"https:\/\/actu.fr\/newsletter\" class=\"ac-btn ac-btn--corner ac-btn--medium ac-btn--blue800\" target=\"_blank\" rel=\"noopener\">S&rsquo;incrire<\/a><br \/>\nLes postiers et cheminots mobilis\u00e9s<\/p>\n<p class=\" wall-content\">Le <strong>syndicat Sud PTT<\/strong> appelle aussi les salari\u00e9s de La Poste \u00e0 se r\u00e9unir place de la R\u00e9publique le 2 d\u00e9cembre. \u00ab\u2009Au-del\u00e0 du budget 2026, les posti\u00e8res et les postiers sont lourdement impact\u00e9s par les <strong>orientations \u00e9conomiques et politiques de la direction\u2009\u00bb,<\/strong> annonce le syndicat dans un communiqu\u00e9.<\/p>\n<p class=\" wall-content\">Des n\u00e9gociations salariales \u00ab\u2009loin d\u2019avoir compens\u00e9 l\u2019inflation\u2009\u00bb, \u00ab\u2009tr\u00e8s peu de moyens\u2009\u00bb mis en place durant la p\u00e9riode intense des f\u00eates de fin d\u2019ann\u00e9e ou encore le \u00ab\u2009manque d\u2019effectifs\u2009\u00bb sont d\u00e9nonc\u00e9s.<\/p>\n<p class=\" wall-content\">Du c\u00f4t\u00e9 des trains, la<strong> CGT des Cheminot.es de Rennes<\/strong> annonce un <strong>piquet de gr\u00e8ve<\/strong> au technicentre industriel de <a href=\"https:\/\/actu.fr\/bretagne\/saint-jacques-de-la-lande_35281\" target=\"_blank\" rel=\"noopener\">Saint-Jacques-de-la-Lande<\/a>, de 7h \u00e0 8h30. Des assembl\u00e9es g\u00e9n\u00e9rales suivront. Le syndicat rejoindra ensuite la <strong>manifestation \u00e0 13h.<\/strong> \u00c0 l\u2019heure o\u00f9 nous publions ces lignes, aucune perturbation n\u2019est annonc\u00e9e sur les sites du r\u00e9seau de TER BreizhGo et SNCF.<\/p>\n<p>    <a href=\"https:\/\/www.facebook.com\/plugins\/post.php?href=https%3A%2F%2Fwww.facebook.com%2Fphoto.php%3Ffbid%3D863182756647289%26set%3Da.112042618427977%26type%3D3&amp;show_text=true&amp;width=350\" title=\"Ouvrie le lien\" target=\"_blank\" rel=\"noopener\">Cliquez ici pour visualiser le contenu<\/a><\/p>\n<p>Les bus d\u00e9vi\u00e9s<\/p>\n<p class=\" wall-content\">Dans le centre-ville, le p\u00e9rim\u00e8tre de la manifestation ne sera pas accessible aux transports en commun. Ainsi, le <a href=\"https:\/\/actu.fr\/tag\/reseau-star\" target=\"_blank\" rel=\"noopener\">r\u00e9seau STAR<\/a> a annonc\u00e9 la <strong>d\u00e9viation <\/strong>des lignes suivantes (certains arr\u00eats ne seront donc pas desservis), <strong>de 13h \u00e0 16h\u2009:<\/strong><\/p>\n<ul class=\" wall-content\">\n<li>ligne C1, ligne C2, ligne C3, ligne C4, ligne C5, ligne C6\u2009;<\/li>\n<li>ligne 11\u2009;<\/li>\n<li>ligne 12\u2009;<\/li>\n<li>ligne 53\u2009;<\/li>\n<li>ligne 54\u2009;<\/li>\n<li>ligne 55\u2009;<\/li>\n<li>ligne 56\u2009;<\/li>\n<li>ligne 67.<\/li>\n<\/ul>\n<p class=\" wall-content\">Par ailleurs, durant cette p\u00e9riode, <strong>la navette du centre-ville ne circulera pas.<\/strong><\/p>\n<p class=\" wall-content\">Le d\u00e9tail des arr\u00eats non desservis et report\u00e9s est \u00e0 consulter sur le <a href=\"https:\/\/www.star.fr\/manifestation-perturbations\" target=\"_blank\" rel=\"noopener\">site du r\u00e9seau Star<\/a>.<\/p>\n<p>Des \u00e9coles en gr\u00e8ve<\/p>\n<p class=\" wall-content\">Le mouvement de gr\u00e8ve va impacter des \u00e9coles de Rennes. Ainsi, selon les chiffres de la Ville, 38 \u00e9coles assureront un repas normal, <strong>24 restaurations sont ferm\u00e9es le midi,<\/strong> les parents devront fournir un pique-nique dans 28 \u00e9coles.<\/p>\n<p class=\" wall-content\"><strong>L\u2019accueil p\u00e9riscolaire<\/strong> du matin sera ferm\u00e9 dans 15 \u00e9coles. L\u2019accueil p\u00e9riscolaire du soir sera ferm\u00e9 dans 12 \u00e9coles. <strong>L\u2019\u00e9tude<\/strong> sera ferm\u00e9e dans 13 \u00e9coles.<\/p>\n<p><a href=\"https:\/\/static.actu.fr\/uploads\/2025\/12\/previsions-greve.pdf\" target=\"_blank\" rel=\"noopener\">Afficher ou t\u00e9l\u00e9charger le fichier.<\/a><\/p>\n<p class=\" wall-content\">Si le tableau des perturbations \u00e9cole par \u00e9cole ne s\u2019affiche pas, vous pouvez le consulter <a href=\"https:\/\/ici.rennes.fr\/actualites\/2025-11-28-greve-dans-les-creches-et-les-ecoles-a-rennes-ce-mardi-2-decembre\/\" target=\"_blank\" rel=\"noopener\">en cliquant ici<\/a>.<\/p>\n<p class=\" wall-content\">Personnalisez votre actualit\u00e9 en ajoutant vos villes et m\u00e9dias en favori avec <a href=\"https:\/\/moncompte.actu.fr\" title=\"D\u00e9couvez Mon Actu\" rel=\"nofollow noopener\" data-trk=\"{&quot;cta&quot;:{&quot;action&quot;:&quot;https:\\\/\\\/moncompte.actu.fr&quot;,&quot;category&quot;:&quot;mon compte&quot;,&quot;from&quot;:&quot;article footer&quot;,&quot;name&quot;:&quot;Mon actu&quot;,&quot;type&quot;:&quot;cta&quot;}}\" target=\"_blank\">Mon Actu<\/a>.<\/p>\n","protected":false},"excerpt":{"rendered":"Par Cl\u00e9mence Pays Publi\u00e9 le 1 d\u00e9c. 2025 \u00e0 14h37 Une nouvelle journ\u00e9e de mobilisation se pr\u00e9pare en&hellip;\n","protected":false},"author":2,"featured_media":572421,"comment_status":"","ping_status":"","sticky":false,"template":"","format":"standard","meta":{"footnotes":""},"categories":[2821],"tags":[1111,11,829,1777,674,1011,27,6151,1272,12,584,25,104,3427],"class_list":{"0":"post-572420","1":"post","2":"type-post","3":"status-publish","4":"format-standard","5":"has-post-thumbnail","7":"category-rennes","8":"tag-actu","9":"tag-actualites","10":"tag-bretagne","11":"tag-eu","12":"tag-europe","13":"tag-fr","14":"tag-france","15":"tag-greve","16":"tag-manifestations","17":"tag-news","18":"tag-rennes","19":"tag-republique-francaise","20":"tag-societe","21":"tag-syndicats"},"share_on_mastodon":{"url":"https:\/\/pubeurope.com\/@fr\/115648255522191706","error":""},"_links":{"self":[{"href":"https:\/\/www.europesays.com\/fr\/wp-json\/wp\/v2\/posts\/572420","targetHints":{"allow":["GET"]}}],"collection":[{"href":"https:\/\/www.europesays.com\/fr\/wp-json\/wp\/v2\/posts"}],"about":[{"href":"https:\/\/www.europesays.com\/fr\/wp-json\/wp\/v2\/types\/post"}],"author":[{"embeddable":true,"href":"https:\/\/www.europesays.com\/fr\/wp-json\/wp\/v2\/users\/2"}],"replies":[{"embeddable":true,"href":"https:\/\/www.europesays.com\/fr\/wp-json\/wp\/v2\/comments?post=572420"}],"version-history":[{"count":0,"href":"https:\/\/www.europesays.com\/fr\/wp-json\/wp\/v2\/posts\/572420\/revisions"}],"wp:featuredmedia":[{"embeddable":true,"href":"https:\/\/www.europesays.com\/fr\/wp-json\/wp\/v2\/media\/572421"}],"wp:attachment":[{"href":"https:\/\/www.europesays.com\/fr\/wp-json\/wp\/v2\/media?parent=572420"}],"wp:term":[{"taxonomy":"category","embeddable":true,"href":"https:\/\/www.europesays.com\/fr\/wp-json\/wp\/v2\/categories?post=572420"},{"taxonomy":"post_tag","embeddable":true,"href":"https:\/\/www.europesays.com\/fr\/wp-json\/wp\/v2\/tags?post=572420"}],"curies":[{"name":"wp","href":"https:\/\/api.w.org\/{rel}","templated":true}]}}