{"id":572424,"date":"2025-12-02T05:12:20","date_gmt":"2025-12-02T05:12:20","guid":{"rendered":"https:\/\/www.europesays.com\/fr\/572424\/"},"modified":"2025-12-02T05:12:20","modified_gmt":"2025-12-02T05:12:20","slug":"strasbourg-renouvelle-son-dispositif-de-bourses-litteraires","status":"publish","type":"post","link":"https:\/\/www.europesays.com\/fr\/572424\/","title":{"rendered":"Strasbourg renouvelle son dispositif de bourses litt\u00e9raires"},"content":{"rendered":"<p class=\"intro\">La Ville de Strasbourg lance la 4\u00e8me \u00e9dition de ses bourses d&rsquo;aide \u00e0 la recherche et \u00e0 la cr\u00e9ation litt\u00e9raire. Seize bourses et r\u00e9sidences, d&rsquo;un montant de 3 000\u20ac \u00e0 10 000\u20ac, sont propos\u00e9es aux artistes-auteurs de Strasbourg et de l&rsquo;Eurom\u00e9tropole. Les candidatures peuvent \u00eatre d\u00e9pos\u00e9es en ligne du 5 janvier au 1er f\u00e9vrier 2026.<\/p>\n<p><a data-lightbox=\"article\" data-title=\"Soutien aux auteurs : Strasbourg renouvelle son dispositif de bourses litt\u00e9raires DR\" class=\"image detail fullwidth  position-relative d-block\" href=\"https:\/\/www.jds.fr\/medias\/image\/bourses-d-aide-a-la-creation-litteraire-a-strasbou-782729-920-0-F.webp\" title=\"Soutien aux auteurs : Strasbourg renouvelle son dispositif de bourses litt\u00e9raires DR\" target=\"_blank\" rel=\"noopener\"><br \/>\n<img decoding=\"async\" loading=\"lazy\" src=\"https:\/\/www.europesays.com\/fr\/wp-content\/uploads\/2025\/12\/bourses-d-aide-a-la-creation-litteraire-a-strasbou-782729-1200-0.webp.webp\"   width=\"685\" alt=\"Soutien aux auteurs : Strasbourg renouvelle son dispositif de bourses litt\u00e9raires\" class=\"border\"\/><br \/>\nDR<br \/>\nSoutien aux auteurs\u00a0: Strasbourg renouvelle son dispositif de bourses litt\u00e9raires<br \/>\n<\/a><\/p>\n<p>Strasbourg soutient ses auteurs avec un nouveau dispositif de bourses litt\u00e9raires<\/p>\n<p>La capitale alsacienne d\u00e9ploie pour la quatri\u00e8me fois cons\u00e9cutive son programme d&rsquo;accompagnement des <strong>cr\u00e9ateurs litt\u00e9raires locaux<\/strong>. Ce dispositif municipal s&rsquo;adresse sp\u00e9cifiquement aux artistes-auteurs et autrices r\u00e9sidant \u00e0 Strasbourg et dans l&rsquo;Eurom\u00e9tropole, leur offrant un soutien financier substantiel pour d\u00e9velopper leurs projets cr\u00e9atifs. L&rsquo;initiative s&rsquo;inscrit dans la continuit\u00e9 du label <strong>Capitale mondiale du livre UNESCO<\/strong> obtenu en 2024, confirmant l&rsquo;engagement de cette m\u00e9tropole d&rsquo;Alsace en faveur du secteur litt\u00e9raire.<\/p>\n<p>Un accompagnement financier adapt\u00e9 aux besoins des cr\u00e9ateurs<\/p>\n<p>Le programme propose <strong>16 bourses et r\u00e9sidences<\/strong> aux montants \u00e9chelonn\u00e9s selon la nature des projets soutenus. Les cr\u00e9ateurs peuvent b\u00e9n\u00e9ficier d&rsquo;un financement leur permettant de se consacrer pleinement \u00e0 leurs travaux de recherche et de cr\u00e9ation. Un <strong>jury d&rsquo;experts<\/strong> se r\u00e9unira pour s\u00e9lectionner les laur\u00e9ats, dont l&rsquo;annonce officielle interviendra apr\u00e8s validation par le Conseil municipal en juin 2026.<\/p>\n<p>Tarifs des bourses cr\u00e9ation litt\u00e9raire Strasbourg<\/p>\n<p>Les bourses d&rsquo;aide \u00e0 la cr\u00e9ation litt\u00e9raire propos\u00e9es par la <a href=\"https:\/\/www.jds.fr\/strasbourg\/agenda\/agenda-du-jour\/-aujourdhui_JPJ\" target=\"_blank\" rel=\"noopener\">Ville de Strasbourg<\/a> s&rsquo;\u00e9chelonnent de <strong>3 000\u20ac \u00e0 10 000\u20ac<\/strong> selon les projets. Ce financement municipal permet aux auteurs et autrices du territoire strasbourgeois de b\u00e9n\u00e9ficier d&rsquo;un soutien adapt\u00e9 \u00e0 leurs besoins cr\u00e9atifs et \u00e0 l&rsquo;ampleur de leurs projets litt\u00e9raires.<\/p>\n<p>Modalit\u00e9s de candidature et informations pratiques<\/p>\n<p>Les candidatures s&rsquo;effectuent exclusivement par voie d\u00e9mat\u00e9rialis\u00e9e sur la plateforme <a href=\"https:\/\/aides.strasbourg.eu\/aides\/#\/strasbourg\/\" target=\"_blank\" rel=\"noopener\">aides.strasbourg.eu<\/a>. La p\u00e9riode de d\u00e9p\u00f4t s&rsquo;\u00e9tend du <strong>5 janvier au 1er f\u00e9vrier 2026<\/strong>, offrant aux cr\u00e9ateurs un mois pour constituer leur dossier. Le r\u00e8glement d\u00e9taill\u00e9, pr\u00e9cisant les crit\u00e8res d&rsquo;\u00e9ligibilit\u00e9 et les modalit\u00e9s d&rsquo;attribution, <a href=\"https:\/\/culture.strasbourg.eu\/pro\/discipline-domaine\/arts-visuels\/bourses-recherche-et-creation-litteraire\/\" target=\"_blank\" rel=\"noopener\">est consultable ici<\/a>. Cette initiative sans pr\u00e9c\u00e9dent confirme la volont\u00e9 municipale de p\u00e9renniser son soutien aux acteurs du livre et de l&rsquo;illustration.<\/p>\n","protected":false},"excerpt":{"rendered":"La Ville de Strasbourg lance la 4\u00e8me \u00e9dition de ses bourses d&rsquo;aide \u00e0 la recherche et \u00e0 la&hellip;\n","protected":false},"author":2,"featured_media":572425,"comment_status":"","ping_status":"","sticky":false,"template":"","format":"standard","meta":{"footnotes":""},"categories":[2820],"tags":[1111,11,1777,674,1011,27,775,12,25,640],"class_list":{"0":"post-572424","1":"post","2":"type-post","3":"status-publish","4":"format-standard","5":"has-post-thumbnail","7":"category-strasbourg","8":"tag-actu","9":"tag-actualites","10":"tag-eu","11":"tag-europe","12":"tag-fr","13":"tag-france","14":"tag-grand-est","15":"tag-news","16":"tag-republique-francaise","17":"tag-strasbourg"},"share_on_mastodon":{"url":"https:\/\/pubeurope.com\/@fr\/115648263115918781","error":""},"_links":{"self":[{"href":"https:\/\/www.europesays.com\/fr\/wp-json\/wp\/v2\/posts\/572424","targetHints":{"allow":["GET"]}}],"collection":[{"href":"https:\/\/www.europesays.com\/fr\/wp-json\/wp\/v2\/posts"}],"about":[{"href":"https:\/\/www.europesays.com\/fr\/wp-json\/wp\/v2\/types\/post"}],"author":[{"embeddable":true,"href":"https:\/\/www.europesays.com\/fr\/wp-json\/wp\/v2\/users\/2"}],"replies":[{"embeddable":true,"href":"https:\/\/www.europesays.com\/fr\/wp-json\/wp\/v2\/comments?post=572424"}],"version-history":[{"count":0,"href":"https:\/\/www.europesays.com\/fr\/wp-json\/wp\/v2\/posts\/572424\/revisions"}],"wp:featuredmedia":[{"embeddable":true,"href":"https:\/\/www.europesays.com\/fr\/wp-json\/wp\/v2\/media\/572425"}],"wp:attachment":[{"href":"https:\/\/www.europesays.com\/fr\/wp-json\/wp\/v2\/media?parent=572424"}],"wp:term":[{"taxonomy":"category","embeddable":true,"href":"https:\/\/www.europesays.com\/fr\/wp-json\/wp\/v2\/categories?post=572424"},{"taxonomy":"post_tag","embeddable":true,"href":"https:\/\/www.europesays.com\/fr\/wp-json\/wp\/v2\/tags?post=572424"}],"curies":[{"name":"wp","href":"https:\/\/api.w.org\/{rel}","templated":true}]}}