{"id":572426,"date":"2025-12-02T05:13:15","date_gmt":"2025-12-02T05:13:15","guid":{"rendered":"https:\/\/www.europesays.com\/fr\/572426\/"},"modified":"2025-12-02T05:13:15","modified_gmt":"2025-12-02T05:13:15","slug":"coupe-de-france-le-racing-recevra-lusl-dunkerque-pour-les-32es-de-finale","status":"publish","type":"post","link":"https:\/\/www.europesays.com\/fr\/572426\/","title":{"rendered":"Coupe de France : le Racing recevra l\u2019USL Dunkerque pour les 32es de finale !"},"content":{"rendered":"<p>Le Racing affrontera l\u2019USL Dunkerque \u00e0 la Meinau le week-end du 19\/20\/21 d\u00e9cembre prochain pour le compte des 32e de finale de la Coupe de France.<\/p>\n<p>Le tirage au sort a \u00e9t\u00e9 effectu\u00e9 ce lundi soir par l\u2019alsacienne Cl\u00e9op\u00e2tre Darleux, ancienne handballeuse championne olympique 2021, et Jade Le Guilly, footballeuse au Paris SG. Nos Bleu&amp;Blanc recevront l\u2019USL Dunkerque (Ligue 2), \u00e0 la Meinau.<\/p>\n","protected":false},"excerpt":{"rendered":"Le Racing affrontera l\u2019USL Dunkerque \u00e0 la Meinau le week-end du 19\/20\/21 d\u00e9cembre prochain pour le compte des&hellip;\n","protected":false},"author":2,"featured_media":560105,"comment_status":"","ping_status":"","sticky":false,"template":"","format":"standard","meta":{"footnotes":""},"categories":[2820],"tags":[1111,11,1777,674,1011,27,775,12,25,640],"class_list":{"0":"post-572426","1":"post","2":"type-post","3":"status-publish","4":"format-standard","5":"has-post-thumbnail","7":"category-strasbourg","8":"tag-actu","9":"tag-actualites","10":"tag-eu","11":"tag-europe","12":"tag-fr","13":"tag-france","14":"tag-grand-est","15":"tag-news","16":"tag-republique-francaise","17":"tag-strasbourg"},"share_on_mastodon":{"url":"https:\/\/pubeurope.com\/@fr\/115648266973263503","error":""},"_links":{"self":[{"href":"https:\/\/www.europesays.com\/fr\/wp-json\/wp\/v2\/posts\/572426","targetHints":{"allow":["GET"]}}],"collection":[{"href":"https:\/\/www.europesays.com\/fr\/wp-json\/wp\/v2\/posts"}],"about":[{"href":"https:\/\/www.europesays.com\/fr\/wp-json\/wp\/v2\/types\/post"}],"author":[{"embeddable":true,"href":"https:\/\/www.europesays.com\/fr\/wp-json\/wp\/v2\/users\/2"}],"replies":[{"embeddable":true,"href":"https:\/\/www.europesays.com\/fr\/wp-json\/wp\/v2\/comments?post=572426"}],"version-history":[{"count":0,"href":"https:\/\/www.europesays.com\/fr\/wp-json\/wp\/v2\/posts\/572426\/revisions"}],"wp:featuredmedia":[{"embeddable":true,"href":"https:\/\/www.europesays.com\/fr\/wp-json\/wp\/v2\/media\/560105"}],"wp:attachment":[{"href":"https:\/\/www.europesays.com\/fr\/wp-json\/wp\/v2\/media?parent=572426"}],"wp:term":[{"taxonomy":"category","embeddable":true,"href":"https:\/\/www.europesays.com\/fr\/wp-json\/wp\/v2\/categories?post=572426"},{"taxonomy":"post_tag","embeddable":true,"href":"https:\/\/www.europesays.com\/fr\/wp-json\/wp\/v2\/tags?post=572426"}],"curies":[{"name":"wp","href":"https:\/\/api.w.org\/{rel}","templated":true}]}}