{"id":572431,"date":"2025-12-02T05:16:28","date_gmt":"2025-12-02T05:16:28","guid":{"rendered":"https:\/\/www.europesays.com\/fr\/572431\/"},"modified":"2025-12-02T05:16:28","modified_gmt":"2025-12-02T05:16:28","slug":"une-voiture-sort-de-la-route-entre-nantes-et-angers-puis-percute-un-arbre-un-blesse-grave-2","status":"publish","type":"post","link":"https:\/\/www.europesays.com\/fr\/572431\/","title":{"rendered":"Une voiture sort de la route entre Nantes et Angers puis percute un arbre\u00a0: un bless\u00e9 grave"},"content":{"rendered":"<tr wp_automatic_readability=\"2.9291338582677\">\n<td valign=\"middle\" align=\"center\" class=\"col-logo\">\n    <img decoding=\"async\" src=\"https:\/\/www.europesays.com\/fr\/wp-content\/uploads\/2025\/04\/courrier-ouest.gif\" alt=\"logo Courrier de l'Ouest\" height=\"66\"\/><\/p>\n<\/td>\n<td class=\"col-titre\">\n\t\t\tLundi 01 d\u00e9cembre 2025 19:11<br \/>\n\t\t\t<a class=\"icon-bulle sizeL count\" href=\"#ancreAvis\"><br \/>\n\t&#8230;<br \/>\n<\/a><\/td>\n<\/tr>\n<p>\t\t<a class=\"mavillebox2 elmt-photo\" href=\"https:\/\/maville.com\/photosmvi\/2025\/12\/01\/P35613426D7088953G.jpg\" title=\" Un accident impliquant une voiture transportant quatre personnes est sorti de la route entre Drain et Lir\u00e9, \u00e0 la fronti\u00e8re entre le Maine-et-Loire et la Loire-Atlantique  \u00a9  Archives CO \u2013 Marie DELAGE  \" rel=\"galerie_actu noopener\" target=\"_blank\"><br \/>\n\t<img decoding=\"async\" src=\"https:\/\/www.europesays.com\/fr\/wp-content\/uploads\/2025\/12\/P35613426D7088953G_crop_640-330_.jpg\" alt=\"photo  un accident impliquant une voiture transportant quatre personnes est sorti de la route entre drain et lir\u00e9, \u00e0 la fronti\u00e8re entre le maine-et-loire et la loire-atlantique  \u00a9  archives co \u2013 marie delage \"\/><br \/>\n\t1<br \/>\n<\/a><\/p>\n<p class=\"elmt-legende\"> Un accident impliquant une voiture transportant quatre personnes est sorti de la route entre Drain et Lir\u00e9, \u00e0 la fronti\u00e8re entre le Maine-et-Loire et la Loire-Atlantique  \u00a9  Archives CO \u2013 Marie DELAGE  <\/p>\n<p>\t\tDans la soir\u00e9e de dimanche 30\u00a0novembre, une voiture transportant quatre personnes est sortie de la route entre Drain et Lir\u00e9, \u00e0 la fronti\u00e8re entre le Maine-et-Loire et la Loire-Atlantique. Trois personnes ont \u00e9t\u00e9 transport\u00e9es \u00e0 l\u2019h\u00f4pital. L\u2019une a \u00e9t\u00e9 plac\u00e9e en r\u00e9animation.<\/p>\n<p><b>Cet article est r\u00e9serv\u00e9 aux abonn\u00e9s<\/b><\/p>\n<p>Pour un acc\u00e8s imm\u00e9diat, abonnez-vous<\/p>\n<p><b>1\u00e8re semaine offerte<\/b><\/p>\n<p>\t\tCourrier de l&rsquo;Ouest<\/p>\n<p>Retrouvez d&rsquo;autres actus sur les communes de :<\/p>\n<p>\t\t&#13;<\/p>\n","protected":false},"excerpt":{"rendered":"Lundi 01 d\u00e9cembre 2025 19:11 &#8230; 1 Un accident impliquant une voiture transportant quatre personnes est sorti de&hellip;\n","protected":false},"author":2,"featured_media":571975,"comment_status":"","ping_status":"","sticky":false,"template":"","format":"standard","meta":{"footnotes":""},"categories":[2818],"tags":[1111,11,1438,8489,3916,2192,1777,674,1011,27,16871,766,12,2636,22602,25,209,4102,4752],"class_list":{"0":"post-572431","1":"post","2":"type-post","3":"status-publish","4":"format-standard","5":"has-post-thumbnail","7":"category-nantes","8":"tag-actu","9":"tag-actualites","10":"tag-angers","11":"tag-arbre","12":"tag-blesse","13":"tag-cholet","14":"tag-eu","15":"tag-europe","16":"tag-fr","17":"tag-france","18":"tag-grave","19":"tag-nantes","20":"tag-news","21":"tag-pays-de-la-loire","22":"tag-percute","23":"tag-republique-francaise","24":"tag-route","25":"tag-sort","26":"tag-voiture"},"share_on_mastodon":{"url":"https:\/\/pubeurope.com\/@fr\/115648278548763698","error":""},"_links":{"self":[{"href":"https:\/\/www.europesays.com\/fr\/wp-json\/wp\/v2\/posts\/572431","targetHints":{"allow":["GET"]}}],"collection":[{"href":"https:\/\/www.europesays.com\/fr\/wp-json\/wp\/v2\/posts"}],"about":[{"href":"https:\/\/www.europesays.com\/fr\/wp-json\/wp\/v2\/types\/post"}],"author":[{"embeddable":true,"href":"https:\/\/www.europesays.com\/fr\/wp-json\/wp\/v2\/users\/2"}],"replies":[{"embeddable":true,"href":"https:\/\/www.europesays.com\/fr\/wp-json\/wp\/v2\/comments?post=572431"}],"version-history":[{"count":0,"href":"https:\/\/www.europesays.com\/fr\/wp-json\/wp\/v2\/posts\/572431\/revisions"}],"wp:featuredmedia":[{"embeddable":true,"href":"https:\/\/www.europesays.com\/fr\/wp-json\/wp\/v2\/media\/571975"}],"wp:attachment":[{"href":"https:\/\/www.europesays.com\/fr\/wp-json\/wp\/v2\/media?parent=572431"}],"wp:term":[{"taxonomy":"category","embeddable":true,"href":"https:\/\/www.europesays.com\/fr\/wp-json\/wp\/v2\/categories?post=572431"},{"taxonomy":"post_tag","embeddable":true,"href":"https:\/\/www.europesays.com\/fr\/wp-json\/wp\/v2\/tags?post=572431"}],"curies":[{"name":"wp","href":"https:\/\/api.w.org\/{rel}","templated":true}]}}