{"id":572436,"date":"2025-12-02T05:19:14","date_gmt":"2025-12-02T05:19:14","guid":{"rendered":"https:\/\/www.europesays.com\/fr\/572436\/"},"modified":"2025-12-02T05:19:14","modified_gmt":"2025-12-02T05:19:14","slug":"les-previsions-meteo-du-mardi-02-decembre-a-bordeaux","status":"publish","type":"post","link":"https:\/\/www.europesays.com\/fr\/572436\/","title":{"rendered":"Les pr\u00e9visions m\u00e9t\u00e9o du mardi 02 d\u00e9cembre \u00e0 Bordeaux"},"content":{"rendered":"<p>Demain, l\u2019ambiance reste grise et humide \u00e0 Bordeaux avec une perturbation qui s\u2019installe du matin au soir. Les temp\u00e9ratures varient entre\u00a0<strong>7 et 11\u00b0C<\/strong>, des valeurs proches des normales pour la saison. La situation m\u00e9t\u00e9o est tr\u00e8s fiable : la pluie domine largement la journ\u00e9e.<\/p>\n<p><img fetchpriority=\"high\" decoding=\"async\" width=\"1024\" height=\"576\" src=\"https:\/\/www.europesays.com\/fr\/wp-content\/uploads\/2025\/11\/nuageux-1-1024x576.png\" alt=\"\" class=\"wp-image-86291\"  \/>Journ\u00e9e grise et pluvieuse \u00e0 Bordeaux : averses fr\u00e9quentes, ciel couvert et ambiance humide du matin au soir.\u00a0<\/p>\n<p style=\"font-size:16px\"><strong>Le matin<\/strong>, un ciel couvert et brumeux s\u2019impose, r\u00e9duisant la visibilit\u00e9. Les averses se succ\u00e8dent avant de laisser place \u00e0 une pluie plus continue. Le thermom\u00e8tre affiche\u00a0<strong>7\u00b0C<\/strong>, avec un ressenti proche de\u00a0<strong>5\u00b0C<\/strong>\u00a0sous l\u2019effet d\u2019un vent de sud aux rafales atteignant 20 km\/h.<\/p>\n<p style=\"font-size:16px\"><strong>L\u2019apr\u00e8s-midi<\/strong>, le temps reste tr\u00e8s nuageux \u00e0 couvert. Les averses deviennent plus faibles mais persistent par intermittence. Les temp\u00e9ratures montent jusqu\u2019\u00e0\u00a0<strong>11\u00b0C<\/strong>\u00a0(ressenti <strong>9\u00b0C<\/strong>), toujours accompagn\u00e9es d\u2019un vent de sud et de rafales pouvant atteindre les <strong>30 km\/h.<\/strong> Le risque de pluie reste \u00e9lev\u00e9, \u00e0\u00a0<strong>90 %<\/strong>.<\/p>\n<p style=\"font-size:16px\"><strong>En soir\u00e9e<\/strong>, les nuages dominent encore et les temp\u00e9ratures baissent autour de\u00a0<strong>8\u00b0C<\/strong>, avec un ressenti de\u00a0<strong>6\u00b0C<\/strong>. Quelques averses restent possibles, mais de mani\u00e8re plus isol\u00e9e (risque de pluie :\u00a0<strong>30%<\/strong>).<\/p>\n<p style=\"font-size:16px\"><strong>Dans la nuit<\/strong>, le thermom\u00e8tre descend \u00e0\u00a0<strong>7\u00b0C<\/strong>, ressenti\u00a0<strong>5\u00b0C<\/strong>, avec un vent de sud-ouest et des rafales allant jusqu\u2019\u00e0 30 km\/h. Quelques averses sont encore envisageables, pour un risque estim\u00e9 \u00e0\u00a0<strong>35%<\/strong>.<\/p>\n<p style=\"font-size:16px\">Une journ\u00e9e typiquement automnale, marqu\u00e9e par une humidit\u00e9 tenace et un ciel charg\u00e9.<\/p>\n<p style=\"font-size:16px\">\u00c0 lire aussi : <a href=\"https:\/\/www.bougerabordeaux.com\/actu\/fermetures-de-la-rocade-de-bordeaux-cette-semaine-travaux-et-deviations-a-prevoir\/\" target=\"_blank\" rel=\"noreferrer noopener\">Fermetures de la rocade de Bordeaux cette semaine : travaux et d\u00e9viations \u00e0 pr\u00e9voir<\/a><\/p>\n","protected":false},"excerpt":{"rendered":"Demain, l\u2019ambiance reste grise et humide \u00e0 Bordeaux avec une perturbation qui s\u2019installe du matin au soir. Les&hellip;\n","protected":false},"author":2,"featured_media":476333,"comment_status":"","ping_status":"","sticky":false,"template":"","format":"standard","meta":{"footnotes":""},"categories":[2817],"tags":[1111,11,1997,1777,674,1011,27,12,2219,25],"class_list":{"0":"post-572436","1":"post","2":"type-post","3":"status-publish","4":"format-standard","5":"has-post-thumbnail","7":"category-bordeaux","8":"tag-actu","9":"tag-actualites","10":"tag-bordeaux","11":"tag-eu","12":"tag-europe","13":"tag-fr","14":"tag-france","15":"tag-news","16":"tag-nouvelle-aquitaine","17":"tag-republique-francaise"},"share_on_mastodon":{"url":"https:\/\/pubeurope.com\/@fr\/115648290620877968","error":""},"_links":{"self":[{"href":"https:\/\/www.europesays.com\/fr\/wp-json\/wp\/v2\/posts\/572436","targetHints":{"allow":["GET"]}}],"collection":[{"href":"https:\/\/www.europesays.com\/fr\/wp-json\/wp\/v2\/posts"}],"about":[{"href":"https:\/\/www.europesays.com\/fr\/wp-json\/wp\/v2\/types\/post"}],"author":[{"embeddable":true,"href":"https:\/\/www.europesays.com\/fr\/wp-json\/wp\/v2\/users\/2"}],"replies":[{"embeddable":true,"href":"https:\/\/www.europesays.com\/fr\/wp-json\/wp\/v2\/comments?post=572436"}],"version-history":[{"count":0,"href":"https:\/\/www.europesays.com\/fr\/wp-json\/wp\/v2\/posts\/572436\/revisions"}],"wp:featuredmedia":[{"embeddable":true,"href":"https:\/\/www.europesays.com\/fr\/wp-json\/wp\/v2\/media\/476333"}],"wp:attachment":[{"href":"https:\/\/www.europesays.com\/fr\/wp-json\/wp\/v2\/media?parent=572436"}],"wp:term":[{"taxonomy":"category","embeddable":true,"href":"https:\/\/www.europesays.com\/fr\/wp-json\/wp\/v2\/categories?post=572436"},{"taxonomy":"post_tag","embeddable":true,"href":"https:\/\/www.europesays.com\/fr\/wp-json\/wp\/v2\/tags?post=572436"}],"curies":[{"name":"wp","href":"https:\/\/api.w.org\/{rel}","templated":true}]}}