{"id":572442,"date":"2025-12-02T05:25:12","date_gmt":"2025-12-02T05:25:12","guid":{"rendered":"https:\/\/www.europesays.com\/fr\/572442\/"},"modified":"2025-12-02T05:25:12","modified_gmt":"2025-12-02T05:25:12","slug":"arretes-devant-eurolinks-des-militants-pro-palestiniens-contestent-la-procedure-judiciaire","status":"publish","type":"post","link":"https:\/\/www.europesays.com\/fr\/572442\/","title":{"rendered":"Arr\u00eat\u00e9s devant Eurolinks, des militants pro-palestiniens contestent la proc\u00e9dure judiciaire"},"content":{"rendered":"<p>\t    Arr\u00eat\u00e9s devant Eurolinks, des militants pro-palestiniens contestent la proc\u00e9dure judiciaire &#8211; Marsactu<\/p>\n<p>&#13;<br \/>\n\t\t&#13;<\/p>\n<p>Nous utilisons des cookies pour vous garantir la meilleure exp\u00e9rience sur notre site. Vous pouvez choisir de refuser les cookies.J&rsquo;accepteNonEn savoir plus<\/p>\n<p>\t\t&#13;<\/p>\n","protected":false},"excerpt":{"rendered":"Arr\u00eat\u00e9s devant Eurolinks, des militants pro-palestiniens contestent la proc\u00e9dure judiciaire &#8211; Marsactu &#13; &#13; Nous utilisons des cookies&hellip;\n","protected":false},"author":2,"featured_media":572443,"comment_status":"","ping_status":"","sticky":false,"template":"","format":"standard","meta":{"footnotes":""},"categories":[2814],"tags":[1111,11,68711,1777,28064,674,1011,27,303,2088,884,12,882,25,4772],"class_list":{"0":"post-572442","1":"post","2":"type-post","3":"status-publish","4":"format-standard","5":"has-post-thumbnail","7":"category-marseille","8":"tag-actu","9":"tag-actualites","10":"tag-avertissementpenalprobatoire","11":"tag-eu","12":"tag-eurolinks","13":"tag-europe","14":"tag-fr","15":"tag-france","16":"tag-justice","17":"tag-manifestation","18":"tag-marseille","19":"tag-news","20":"tag-provence-alpes-cote-dazur","21":"tag-republique-francaise","22":"tag-zalu"},"share_on_mastodon":{"url":"https:\/\/pubeurope.com\/@fr\/115648313887593004","error":""},"_links":{"self":[{"href":"https:\/\/www.europesays.com\/fr\/wp-json\/wp\/v2\/posts\/572442","targetHints":{"allow":["GET"]}}],"collection":[{"href":"https:\/\/www.europesays.com\/fr\/wp-json\/wp\/v2\/posts"}],"about":[{"href":"https:\/\/www.europesays.com\/fr\/wp-json\/wp\/v2\/types\/post"}],"author":[{"embeddable":true,"href":"https:\/\/www.europesays.com\/fr\/wp-json\/wp\/v2\/users\/2"}],"replies":[{"embeddable":true,"href":"https:\/\/www.europesays.com\/fr\/wp-json\/wp\/v2\/comments?post=572442"}],"version-history":[{"count":0,"href":"https:\/\/www.europesays.com\/fr\/wp-json\/wp\/v2\/posts\/572442\/revisions"}],"wp:featuredmedia":[{"embeddable":true,"href":"https:\/\/www.europesays.com\/fr\/wp-json\/wp\/v2\/media\/572443"}],"wp:attachment":[{"href":"https:\/\/www.europesays.com\/fr\/wp-json\/wp\/v2\/media?parent=572442"}],"wp:term":[{"taxonomy":"category","embeddable":true,"href":"https:\/\/www.europesays.com\/fr\/wp-json\/wp\/v2\/categories?post=572442"},{"taxonomy":"post_tag","embeddable":true,"href":"https:\/\/www.europesays.com\/fr\/wp-json\/wp\/v2\/tags?post=572442"}],"curies":[{"name":"wp","href":"https:\/\/api.w.org\/{rel}","templated":true}]}}