{"id":572444,"date":"2025-12-02T05:26:41","date_gmt":"2025-12-02T05:26:41","guid":{"rendered":"https:\/\/www.europesays.com\/fr\/572444\/"},"modified":"2025-12-02T05:26:41","modified_gmt":"2025-12-02T05:26:41","slug":"a-marseille-la-position-ambigue-de-martine-vassal-sur-lextreme-droite-agite-la-classe-politique-liberation","status":"publish","type":"post","link":"https:\/\/www.europesays.com\/fr\/572444\/","title":{"rendered":"\u00e0 Marseille, la position ambigu\u00eb de Martine Vassal sur l\u2019extr\u00eame droite agite la classe politique \u2013 Lib\u00e9ration"},"content":{"rendered":"<p class=\"sc-cPiKLX AiZTS text-element\"><a href=\"https:\/\/www.liberation.fr\/politique\/elections\/municipales-2026-a-marseille-martine-vassal-lance-sa-campagne-a-droite-toute-20250917_UISWIZT4TRGZFAJBXKMQEH5E64\/\" target=\"_blank\" rel=\"noreferrer noopener\" title=\"https:\/\/www.liberation.fr\/politique\/elections\/municipales-2026-a-marseille-martine-vassal-lance-sa-campagne-a-droite-toute-20250917_UISWIZT4TRGZFAJBXKMQEH5E64\/\">L\u2019alliance LR-macronistes pour Marseille<\/a> survivra-t-elle \u00e0 ce coup de boutoir ? Depuis ce lundi matin est une interview de sa t\u00eate de liste Martine Vassal \u00e0 Sud Radio, la classe politique marseillaise rivalise de r\u00e9actions pour critiquer la position de la responsable au sujet d\u2019une \u00e9ventuelle alliance avec le Rassemblement national.<\/p>\n<p class=\"sc-cPiKLX AiZTS text-element\">Invit\u00e9e de Sud Radio, l\u2019actuelle pr\u00e9sidente du d\u00e9partement des Bouches-du-Rh\u00f4ne et de la m\u00e9tropole Aix-Marseille Provence, a en effet d\u00e9clench\u00e9 l\u2019ire de ses adversaires, les r\u00e9jouissances de l\u2019extr\u00eame droite et la consternation de ses alli\u00e9s quand, \u00e0 la question d\u2019un possible accord avec le RN pour le second tour des municipales, elle a r\u00e9pondu : \u00abOn verra \u00e0 ce moment-l\u00e0.\u00bb<\/p>\n<p class=\"sc-cPiKLX AiZTS text-element\">Auparavant, Martine Vassal avait tout de m\u00eame dit tout le mal qu\u2019elle pensait du parti d\u2019extr\u00eame droite, men\u00e9 pour l\u2019occasion par le d\u00e9put\u00e9 Franck Allisio, qui s\u2019est assur\u00e9 <a href=\"https:\/\/www.liberation.fr\/politique\/marseille-lancien-zemmouriste-stephane-ravier-se-retire-et-soutient-le-rn-franck-allisio-pour-2026-20251003_JIH46FR26JBHXCEPPWFQKRSVVA\/\" target=\"_blank\" rel=\"noreferrer noopener\" title=\"https:\/\/www.liberation.fr\/politique\/marseille-lancien-zemmouriste-stephane-ravier-se-retire-et-soutient-le-rn-franck-allisio-pour-2026-20251003_JIH46FR26JBHXCEPPWFQKRSVVA\/\">du soutien de l\u2019autre figure d\u2019extr\u00eame droite de la ville, le s\u00e9nateur St\u00e9phane Ravier<\/a> : \u00abL\u2019extr\u00eame droite, c\u2019est l\u2019amateurisme complet. Ils n\u2019en ont rien \u00e0 faire des probl\u00e9matiques locales, Ils n\u2019en ont rien \u00e0 faire de la deuxi\u00e8me ville de France.\u00bb<\/p>\n<p class=\"sc-cPiKLX AiZTS text-element\">Cette prise de distance n\u2019a pas emp\u00each\u00e9 Franck Allisio de prendre \u00e0 son compte la premi\u00e8re partie de la d\u00e9claration de sa rivale, dans une d\u00e9claration r\u00e9jouie sur son compte X : \u00abJe sais \u00e0 pr\u00e9sent que Martine Vassal appellera \u00e0 voter pour moi au second tour.\u00bb Un message que son \u00e9quipe a \u00e9galement relay\u00e9 \u00e0 de nombreux journalistes sur leurs t\u00e9l\u00e9phones.<\/p>\n<p class=\"sc-cPiKLX AiZTS text-element\">A gauche, la sortie a en revanche constern\u00e9 : \u00abJ\u2019ai honte pour Marseille et pour les Marseillais\u00bb, a r\u00e9agi le maire de gauche Beno\u00eet Payan, voyant dans ces d\u00e9clarations la preuve que Martine Vassal \u00abest pr\u00eate \u00e0 s\u2019allier au Rassemblement national pour esp\u00e9rer exister et garder sa place\u00bb. <a href=\"https:\/\/www.liberation.fr\/politique\/elections\/ne-pas-laisser-marseille-aux-magouilleurs-le-lfi-sebastien-delogu-officialise-sa-candidature-aux-municipales-20251116_4NHBFSEC2VHYNOY3YTRN3GFIQ4\/\" target=\"_blank\" rel=\"noreferrer noopener\" title=\"https:\/\/www.liberation.fr\/politique\/elections\/ne-pas-laisser-marseille-aux-magouilleurs-le-lfi-sebastien-delogu-officialise-sa-candidature-aux-municipales-20251116_4NHBFSEC2VHYNOY3YTRN3GFIQ4\/\">L\u2019insoumis S\u00e9bastien Delogu,<\/a> candidat du mouvement m\u00e9lenchoniste \u00e0 la mairie de Marseille, a partag\u00e9 ses sentiments sur la nouvelle : \u00abAvec son programme et ses d\u00e9clarations, on peut se demander pourquoi madame Vassal n\u2019a pas encore pris sa carte au RN.\u00bb<\/p>\n<p class=\"sc-cPiKLX AiZTS text-element\">Chez Renaissance, qui a adoub\u00e9 mi-novembre la candidature de Martine Vassal, l\u2019heure \u00e9tait en revanche \u00e0 la clarification : le mouvement macroniste a ni\u00e9 toute \u00abambigu\u00eft\u00e9\u00bb vis-\u00e0-vis du RN et de l\u2019extr\u00eame droite. \u00abSur les municipales, les choses sont claires : aucune discussion, aucun accord, aucune alliance n\u2019a et n\u2019aura lieu avec le Rassemblement national et ses alli\u00e9s\u00bb, a insist\u00e9 le parti sur X, y voyant la \u00abcondition absolue\u00bb de tout soutien aux candidats. \u00abC\u2019est aussi le cas pour Martine Vassal \u00e0 Marseille\u00bb, a intim\u00e9 le mouvement \u00e0 sa candidate.<\/p>\n<p class=\"sc-cPiKLX AiZTS text-element\">Il ne s\u2019est trouv\u00e9 que Renaud Muselier, baron de la droite locale, pr\u00e9sident de la R\u00e9gion Paca et<a href=\"https:\/\/www.liberation.fr\/politique\/macron-a-marseille-muselier-un-ami-qui-lui-veut-du-lien-20230626_PORC5L6IJBCENFHPWIFYDN5ZBM\/\" target=\"_blank\" rel=\"noreferrer noopener\" title=\"https:\/\/www.liberation.fr\/politique\/macron-a-marseille-muselier-un-ami-qui-lui-veut-du-lien-20230626_PORC5L6IJBCENFHPWIFYDN5ZBM\/\"> ralli\u00e9 de 2022 \u00e0 la macronie,<\/a> pour d\u00e9fendre Martine Vassal, assurant cette derni\u00e8re de son \u00abrespect et de [son] estime pour cette femme dont on veut se d\u00e9barrasser\u00bb. Et osant m\u00eame, \u00e0 l\u2019endroit de ses rivaux : \u00ab\u00c7a suffit, les f\u00e9minicides politiques.\u00bb<\/p>\n<p class=\"sc-cPiKLX AiZTS text-element\">Face \u00e0 l\u2019emballement, Martine Vassal a voulu clarifier son propos sur X. \u00abEn aucun cas il n\u2019a \u00e9t\u00e9 question d\u2019une alliance avec les extr\u00eames, que j\u2019ai combattus pendant toute ma vie politique !\u00bb, a-t-elle \u00e9crit, attaquant par la m\u00eame occasion \u00abl\u2019ambigu\u00eft\u00e9 absolue et permanente de Beno\u00eet Payan, qui gouverne d\u00e9j\u00e0 avec LFI et qui veut encore malgr\u00e9 ses r\u00e9sultats pour la ville nous donner des le\u00e7ons !\u00bb<\/p>\n","protected":false},"excerpt":{"rendered":"L\u2019alliance LR-macronistes pour Marseille survivra-t-elle \u00e0 ce coup de boutoir ? Depuis ce lundi matin est une interview&hellip;\n","protected":false},"author":2,"featured_media":572445,"comment_status":"","ping_status":"","sticky":false,"template":"","format":"standard","meta":{"footnotes":""},"categories":[2814],"tags":[1111,11,1777,674,1011,27,3228,884,5945,12,882,25,2848],"class_list":{"0":"post-572444","1":"post","2":"type-post","3":"status-publish","4":"format-standard","5":"has-post-thumbnail","7":"category-marseille","8":"tag-actu","9":"tag-actualites","10":"tag-eu","11":"tag-europe","12":"tag-fr","13":"tag-france","14":"tag-lr","15":"tag-marseille","16":"tag-municipales-elections","17":"tag-news","18":"tag-provence-alpes-cote-dazur","19":"tag-republique-francaise","20":"tag-rn"},"share_on_mastodon":{"url":"https:\/\/pubeurope.com\/@fr\/115648317646665948","error":""},"_links":{"self":[{"href":"https:\/\/www.europesays.com\/fr\/wp-json\/wp\/v2\/posts\/572444","targetHints":{"allow":["GET"]}}],"collection":[{"href":"https:\/\/www.europesays.com\/fr\/wp-json\/wp\/v2\/posts"}],"about":[{"href":"https:\/\/www.europesays.com\/fr\/wp-json\/wp\/v2\/types\/post"}],"author":[{"embeddable":true,"href":"https:\/\/www.europesays.com\/fr\/wp-json\/wp\/v2\/users\/2"}],"replies":[{"embeddable":true,"href":"https:\/\/www.europesays.com\/fr\/wp-json\/wp\/v2\/comments?post=572444"}],"version-history":[{"count":0,"href":"https:\/\/www.europesays.com\/fr\/wp-json\/wp\/v2\/posts\/572444\/revisions"}],"wp:featuredmedia":[{"embeddable":true,"href":"https:\/\/www.europesays.com\/fr\/wp-json\/wp\/v2\/media\/572445"}],"wp:attachment":[{"href":"https:\/\/www.europesays.com\/fr\/wp-json\/wp\/v2\/media?parent=572444"}],"wp:term":[{"taxonomy":"category","embeddable":true,"href":"https:\/\/www.europesays.com\/fr\/wp-json\/wp\/v2\/categories?post=572444"},{"taxonomy":"post_tag","embeddable":true,"href":"https:\/\/www.europesays.com\/fr\/wp-json\/wp\/v2\/tags?post=572444"}],"curies":[{"name":"wp","href":"https:\/\/api.w.org\/{rel}","templated":true}]}}