{"id":572448,"date":"2025-12-02T05:28:15","date_gmt":"2025-12-02T05:28:15","guid":{"rendered":"https:\/\/www.europesays.com\/fr\/572448\/"},"modified":"2025-12-02T05:28:15","modified_gmt":"2025-12-02T05:28:15","slug":"metropole-de-lyon-quatre-jours-de-rires-pour-la-7e-edition-du-festival-villeurvanne-ca-commence-ce-jeudi","status":"publish","type":"post","link":"https:\/\/www.europesays.com\/fr\/572448\/","title":{"rendered":"M\u00e9tropole de Lyon. Quatre jours de rires pour la 7e \u00e9dition du festival VilleurVanne\u00a0: \u00e7a commence ce jeudi"},"content":{"rendered":"<p>Pour sa 7\u1d49 \u00e9dition, le festival VilleurVanne, organis\u00e9 par l\u2019association Ouhlala Lyon, en partenariat avec le centre d\u2019animation de Saint-Jean et parrain\u00e9 par Sma\u00efn, revient avec quatre jours enti\u00e8rement d\u00e9di\u00e9s au rire et \u00e0 la d\u00e9couverte de talents \u00e9mergents.<\/p>\n<p>\u00ab\u00a0Notre ambition est d\u2019apporter du rire en mettant en lumi\u00e8re des jeunes talents\u00a0\u00bb, explique Farid Nasri, pr\u00e9sident de l\u2019association.<\/p>\n<p>  Quatre soir\u00e9es pour c\u00e9l\u00e9brer le rire<\/p>\n<p> \u25b6 \u2002Jeudi 4\u00a0d\u00e9cembre, \u00e0 20 heures\u00a0: spectacle Changement de vie (in) volontaire, de l\u2019humoriste lyonnais Jean-Michel Rallet. Une soir\u00e9e solidaire au profit du T\u00e9l\u00e9thon et de la F\u00e9d\u00e9ration fran\u00e7aise pour les liens sociaux.<\/p>\n<p> \u25b6 \u2002Vendredi 5\u00a0d\u00e9cembre, \u00e0 20 heures\u00a0: pi\u00e8ce de th\u00e9\u00e2tre La Voie de ma m\u00e8re , \u00e9crite par Wahid Cha\u00efb. Cinq mamans du quartier Saint-Jean monteront pour la premi\u00e8re fois sur sc\u00e8ne pour partager leur vision de l\u2019\u00e9ducation et de la soci\u00e9t\u00e9.<\/p>\n<p>  Samedi\u00a0: le grand plateau<\/p>\n<p> \u25b6 \u2002Samedi 6\u00a0d\u00e9cembre, \u00e0 20 heures\u00a0: une dizaine d\u2019humoristes venus de tout l\u2019Hexagone &#8211; Mah\u00e9, Thomas Barbazan, Wassim, Manu, Amaury, Nico, Pierre, Bastien, Yannis, Laurent,\u00a0etc. &#8211; se produiront sur sc\u00e8ne. Une douzaine d\u2019\u00e9l\u00e8ves de coll\u00e8ge, ayant particip\u00e9 \u00e0 une master class anim\u00e9e par Sma\u00efn, seront en avant-premi\u00e8re.<\/p>\n<p> \u25b6 \u2002Dimanche 7\u00a0d\u00e9cembre, \u00e0 16 heures\u00a0: cl\u00f4ture du festival avec La Vie de r\u00eave de Djamel Oudni, un spectacle d\u2019humour et d\u2019hypnose.<\/p>\n<p class=\"note\">Festival VilleurVanne au centre culturel et de la vie associative (CCVA), 234 cours Emile-Zola. T\u00e9l. 06.35.18.22.47. \u00a0\u00a0\u00a0\u00a0<\/p>\n","protected":false},"excerpt":{"rendered":"Pour sa 7\u1d49 \u00e9dition, le festival VilleurVanne, organis\u00e9 par l\u2019association Ouhlala Lyon, en partenariat avec le centre d\u2019animation&hellip;\n","protected":false},"author":2,"featured_media":572449,"comment_status":"","ping_status":"","sticky":false,"template":"","format":"standard","meta":{"footnotes":""},"categories":[1889],"tags":[1111,11,2430,1687,2757,1777,674,1011,27,2428,12,25,3140,6345,6346],"class_list":{"0":"post-572448","1":"post","2":"type-post","3":"status-publish","4":"format-standard","5":"has-post-thumbnail","7":"category-lyon","8":"tag-actu","9":"tag-actualites","10":"tag-auvergne-rhone-alpes","11":"tag-culture-loisirs","12":"tag-edition-lyon-villeurbanne","13":"tag-eu","14":"tag-europe","15":"tag-fr","16":"tag-france","17":"tag-lyon","18":"tag-news","19":"tag-republique-francaise","20":"tag-spectacle","21":"tag-villeurbanne","22":"tag-villeurbanne-bassin"},"share_on_mastodon":{"url":"https:\/\/pubeurope.com\/@fr\/115648325420948441","error":""},"_links":{"self":[{"href":"https:\/\/www.europesays.com\/fr\/wp-json\/wp\/v2\/posts\/572448","targetHints":{"allow":["GET"]}}],"collection":[{"href":"https:\/\/www.europesays.com\/fr\/wp-json\/wp\/v2\/posts"}],"about":[{"href":"https:\/\/www.europesays.com\/fr\/wp-json\/wp\/v2\/types\/post"}],"author":[{"embeddable":true,"href":"https:\/\/www.europesays.com\/fr\/wp-json\/wp\/v2\/users\/2"}],"replies":[{"embeddable":true,"href":"https:\/\/www.europesays.com\/fr\/wp-json\/wp\/v2\/comments?post=572448"}],"version-history":[{"count":0,"href":"https:\/\/www.europesays.com\/fr\/wp-json\/wp\/v2\/posts\/572448\/revisions"}],"wp:featuredmedia":[{"embeddable":true,"href":"https:\/\/www.europesays.com\/fr\/wp-json\/wp\/v2\/media\/572449"}],"wp:attachment":[{"href":"https:\/\/www.europesays.com\/fr\/wp-json\/wp\/v2\/media?parent=572448"}],"wp:term":[{"taxonomy":"category","embeddable":true,"href":"https:\/\/www.europesays.com\/fr\/wp-json\/wp\/v2\/categories?post=572448"},{"taxonomy":"post_tag","embeddable":true,"href":"https:\/\/www.europesays.com\/fr\/wp-json\/wp\/v2\/tags?post=572448"}],"curies":[{"name":"wp","href":"https:\/\/api.w.org\/{rel}","templated":true}]}}