{"id":572454,"date":"2025-12-02T05:32:12","date_gmt":"2025-12-02T05:32:12","guid":{"rendered":"https:\/\/www.europesays.com\/fr\/572454\/"},"modified":"2025-12-02T05:32:12","modified_gmt":"2025-12-02T05:32:12","slug":"mcdo-lance-happy-doggy-avec-ddb-paris-image","status":"publish","type":"post","link":"https:\/\/www.europesays.com\/fr\/572454\/","title":{"rendered":"McDo lance Happy Doggy avec DDB Paris &#8211; Image"},"content":{"rendered":"<p>En 2025, 1 Fran\u00e7ais sur 3 poss\u00e8de un chien. McDonald\u2019s France et DDB Paris ont voulu les c\u00e9l\u00e9brer en lan\u00e7ant Happy Doggy, la Dog Toys Collection. Une s\u00e9rie de quatre jouets exclusifs inspir\u00e9s par l\u2019univers de McDonald\u2019s \u00e0 ramener chez soi pour offrir \u00e0 son chien : le Chauss\u2019Pom, le Fly\u2019Bun, la Sundae\u2019Ball et la Fun\u2019Fries.\n<\/p>\n<p>Une campagne \u00e0 retrouver pour une dur\u00e9e limit\u00e9e \u00e0 partir du 27 novembre dans les restaurants McDonald\u2019s partout en France et en TV, DOOH, affichage, audio digital, social accompagn\u00e9 d\u2019un film de 30 secondes r\u00e9alis\u00e9 par Alexandre Court\u00e8s.<\/p>\n<p>                 <img fetchpriority=\"high\" decoding=\"async\" loading=\"eager\"   width=\"800\" height=\"424\" src=\"https:\/\/www.europesays.com\/fr\/wp-content\/uploads\/2025\/12\/1_2.PNG\" alt=\"Happy Doggy\" typeof=\"foaf:Image\"\/><\/p>\n","protected":false},"excerpt":{"rendered":"En 2025, 1 Fran\u00e7ais sur 3 poss\u00e8de un chien. McDonald\u2019s France et DDB Paris ont voulu les c\u00e9l\u00e9brer&hellip;\n","protected":false},"author":2,"featured_media":572455,"comment_status":"","ping_status":"","sticky":false,"template":"","format":"standard","meta":{"footnotes":""},"categories":[1888],"tags":[1111,1928,11,1927,1777,674,1011,27,12,1926,626,1925,25],"class_list":{"0":"post-572454","1":"post","2":"type-post","3":"status-publish","4":"format-standard","5":"has-post-thumbnail","7":"category-paris","8":"tag-actu","9":"tag-actu-paris","10":"tag-actualites","11":"tag-actualites-paris","12":"tag-eu","13":"tag-europe","14":"tag-fr","15":"tag-france","16":"tag-news","17":"tag-news-paris","18":"tag-paris","19":"tag-paris-news","20":"tag-republique-francaise"},"share_on_mastodon":{"url":"https:\/\/pubeurope.com\/@fr\/115648341403318156","error":""},"_links":{"self":[{"href":"https:\/\/www.europesays.com\/fr\/wp-json\/wp\/v2\/posts\/572454","targetHints":{"allow":["GET"]}}],"collection":[{"href":"https:\/\/www.europesays.com\/fr\/wp-json\/wp\/v2\/posts"}],"about":[{"href":"https:\/\/www.europesays.com\/fr\/wp-json\/wp\/v2\/types\/post"}],"author":[{"embeddable":true,"href":"https:\/\/www.europesays.com\/fr\/wp-json\/wp\/v2\/users\/2"}],"replies":[{"embeddable":true,"href":"https:\/\/www.europesays.com\/fr\/wp-json\/wp\/v2\/comments?post=572454"}],"version-history":[{"count":0,"href":"https:\/\/www.europesays.com\/fr\/wp-json\/wp\/v2\/posts\/572454\/revisions"}],"wp:featuredmedia":[{"embeddable":true,"href":"https:\/\/www.europesays.com\/fr\/wp-json\/wp\/v2\/media\/572455"}],"wp:attachment":[{"href":"https:\/\/www.europesays.com\/fr\/wp-json\/wp\/v2\/media?parent=572454"}],"wp:term":[{"taxonomy":"category","embeddable":true,"href":"https:\/\/www.europesays.com\/fr\/wp-json\/wp\/v2\/categories?post=572454"},{"taxonomy":"post_tag","embeddable":true,"href":"https:\/\/www.europesays.com\/fr\/wp-json\/wp\/v2\/tags?post=572454"}],"curies":[{"name":"wp","href":"https:\/\/api.w.org\/{rel}","templated":true}]}}