{"id":572456,"date":"2025-12-02T05:33:26","date_gmt":"2025-12-02T05:33:26","guid":{"rendered":"https:\/\/www.europesays.com\/fr\/572456\/"},"modified":"2025-12-02T05:33:26","modified_gmt":"2025-12-02T05:33:26","slug":"paris-figure-parmi-les-cinq-villes-les-plus-cool-du-monde-a-velo","status":"publish","type":"post","link":"https:\/\/www.europesays.com\/fr\/572456\/","title":{"rendered":"Paris figure parmi les cinq villes les plus cool du monde \u00e0 v\u00e9lo"},"content":{"rendered":"<p>Paris poursuit sa mue cyclable et franchit une \u00e9tape symbolique. Dans son index 2025, le cabinet Copenhagenize place la capitale fran\u00e7aise au 5\u1d49 rang mondial des <a href=\"https:\/\/www.timeout.fr\/paris\/actualites\/paris-sacree-capitale-europeenne-du-velo-091825\" target=\"_blank\" rel=\"noopener\">villes o\u00f9 le v\u00e9lo occupe une place d\u00e9terminante<\/a> dans les d\u00e9placements du quotidien. Ce classement \u00e9value la mani\u00e8re dont les grandes m\u00e9tropoles con\u00e7oivent et soutiennent la pratique du v\u00e9lo \u00e0 travers leurs infrastructures, leurs politiques publiques et l\u2019usage r\u00e9el qu\u2019en font les habitants.<\/p>\n<p>Cette ann\u00e9e, <a href=\"https:\/\/www.timeout.fr\/paris\/actualites\/il-ny-a-jamais-eu-autant-de-cyclistes-a-paris-quen-cette-rentree-2025-091725\" target=\"_blank\" rel=\"noopener\">Paris se distingue particuli\u00e8rement par la qualit\u00e9 de son r\u00e9seau cyclable<\/a>, consid\u00e9r\u00e9 comme le deuxi\u00e8me meilleur au monde derri\u00e8re celui de Copenhague. Le cabinet, sp\u00e9cialis\u00e9 dans le design urbain, souligne la progression fulgurante de la part du v\u00e9lo dans les d\u00e9placements parisiens, pass\u00e9e de 5 % \u00e0 11 % en cinq ans, un niveau pr\u00e9sent\u00e9 comme \u00ab historique \u00bb et atteint \u00ab en un temps record \u00bb. Le rapport explique que la ville a r\u00e9ussi \u00e0 transformer rapidement son espace public en privil\u00e9giant des am\u00e9nagements s\u00e9curis\u00e9s et continus, tout en pr\u00e9servant le caract\u00e8re patrimonial du centre historique.<\/p>\n<p>Le classement repose sur trois crit\u00e8res not\u00e9s sur 100 (infrastructures, usages et politiques de soutien) et dresse aussi un bilan des actions men\u00e9es par chaque ville. Il propose en parall\u00e8le des recommandations pour poursuivre les efforts engag\u00e9s. En Europe, Paris se place \u00e9galement en 5\u1d49 position, derri\u00e8re Utrecht, Copenhague, Gand et Amsterdam, confirmant l\u2019ancrage de la capitale dans un mod\u00e8le de ville o\u00f9 la mobilit\u00e9 douce devient l\u2019un des piliers de sa transformation.<\/p>\n","protected":false},"excerpt":{"rendered":"Paris poursuit sa mue cyclable et franchit une \u00e9tape symbolique. Dans son index 2025, le cabinet Copenhagenize place&hellip;\n","protected":false},"author":2,"featured_media":572457,"comment_status":"","ping_status":"","sticky":false,"template":"","format":"standard","meta":{"footnotes":""},"categories":[1888],"tags":[11,4573,4572,1777,674,1011,27,12,626,3907,25],"class_list":{"0":"post-572456","1":"post","2":"type-post","3":"status-publish","4":"format-standard","5":"has-post-thumbnail","7":"category-paris","8":"tag-actualites","9":"tag-actualites-vivre-en-ville","10":"tag-categories-que-faire","11":"tag-eu","12":"tag-europe","13":"tag-fr","14":"tag-france","15":"tag-news","16":"tag-paris","17":"tag-que-faire","18":"tag-republique-francaise"},"share_on_mastodon":{"url":"https:\/\/pubeurope.com\/@fr\/115648345197260492","error":""},"_links":{"self":[{"href":"https:\/\/www.europesays.com\/fr\/wp-json\/wp\/v2\/posts\/572456","targetHints":{"allow":["GET"]}}],"collection":[{"href":"https:\/\/www.europesays.com\/fr\/wp-json\/wp\/v2\/posts"}],"about":[{"href":"https:\/\/www.europesays.com\/fr\/wp-json\/wp\/v2\/types\/post"}],"author":[{"embeddable":true,"href":"https:\/\/www.europesays.com\/fr\/wp-json\/wp\/v2\/users\/2"}],"replies":[{"embeddable":true,"href":"https:\/\/www.europesays.com\/fr\/wp-json\/wp\/v2\/comments?post=572456"}],"version-history":[{"count":0,"href":"https:\/\/www.europesays.com\/fr\/wp-json\/wp\/v2\/posts\/572456\/revisions"}],"wp:featuredmedia":[{"embeddable":true,"href":"https:\/\/www.europesays.com\/fr\/wp-json\/wp\/v2\/media\/572457"}],"wp:attachment":[{"href":"https:\/\/www.europesays.com\/fr\/wp-json\/wp\/v2\/media?parent=572456"}],"wp:term":[{"taxonomy":"category","embeddable":true,"href":"https:\/\/www.europesays.com\/fr\/wp-json\/wp\/v2\/categories?post=572456"},{"taxonomy":"post_tag","embeddable":true,"href":"https:\/\/www.europesays.com\/fr\/wp-json\/wp\/v2\/tags?post=572456"}],"curies":[{"name":"wp","href":"https:\/\/api.w.org\/{rel}","templated":true}]}}