{"id":572462,"date":"2025-12-02T05:36:16","date_gmt":"2025-12-02T05:36:16","guid":{"rendered":"https:\/\/www.europesays.com\/fr\/572462\/"},"modified":"2025-12-02T05:36:16","modified_gmt":"2025-12-02T05:36:16","slug":"lemissaire-americain-steve-witkoff-en-route-vers-moscou-pour-rencontrer-poutine","status":"publish","type":"post","link":"https:\/\/www.europesays.com\/fr\/572462\/","title":{"rendered":"l\u2019\u00e9missaire am\u00e9ricain Steve Witkoff en route vers Moscou pour rencontrer Poutine"},"content":{"rendered":"<p>La veille, Washington s\u2019est dit \u00ab\u00a0tr\u00e8s optimiste\u00a0\u00bb malgr\u00e9 l\u2019intransigeance persistante du dirigeant russe, plus de trois ans apr\u00e8s le lancement de l\u2019offensive russe contre l\u2019Ukraine. Le pr\u00e9sident am\u00e9ricain et son \u00e9quipe \u00ab\u00a0ont travaill\u00e9 tr\u00e8s dur sur ce dossier et souhaitent tous sinc\u00e8rement voir cette guerre prendre fin\u00a0\u00bb, a assur\u00e9 la porte-parole de la Maison-Blanche, Karoline Leavitt.<\/p>\n<p>De son c\u00f4t\u00e9, le pr\u00e9sident ukrainien Volodymyr Zelensky, sous forte pression politique et diplomatique, <a href=\"https:\/\/www.sudouest.fr\/international\/europe\/ukraine\/ukraine-en-visite-a-paris-et-epaule-par-les-europeens-zelensky-souhaite-discuter-avec-trump-26933459.php\" target=\"_blank\" rel=\"follow noopener\">a re\u00e7u lundi un soutien appuy\u00e9 de son homologue fran\u00e7ais Emmanuel Macron<\/a>, qui a r\u00e9affirm\u00e9 la mobilisation des Europ\u00e9ens pour obtenir \u00ab\u00a0une paix juste et durable\u00a0\u00bb. S\u2019il a salu\u00e9 \u00ab\u00a0l\u2019effort de m\u00e9diation\u00a0\u00bb des \u00c9tats-Unis, Macron a estim\u00e9 qu\u2019il n\u2019y avait \u00ab\u00a0pas aujourd\u2019hui \u00e0 proprement parler un plan qui soit finalis\u00e9\u00a0\u00bb. \u00ab\u00a0Nous sommes encore \u00e0 une phase pr\u00e9alable\u00a0\u00bb, a-t-il expliqu\u00e9 lors d\u2019une conf\u00e9rence de presse au c\u00f4t\u00e9 de Zelensky, martelant que le plan avanc\u00e9 par Washington \u00ab\u00a0ne peut \u00eatre finalis\u00e9 qu\u2019avec les Europ\u00e9ens autour de la table\u00a0\u00bb.<\/p>\n<p>\u00c0 l\u2019issue de ces \u00e9changes, Emmanuel Macron s\u2019est entretenu au t\u00e9l\u00e9phone avec Donald Trump sur \u00ab\u00a0la dimension centrale des garanties de s\u00e9curit\u00e9 n\u00e9cessaires pour l\u2019Ukraine\u00a0\u00bb, selon la pr\u00e9sidence fran\u00e7aise. Volodymyr Zelensky, lui, s\u2019est ensuite rendu en Irlande, o\u00f9 il a \u00e9t\u00e9 accueilli dans la nuit par le Premier ministre Micheal Martin. Dans un message sur X, ce dernier l\u2019a assur\u00e9 du \u00ab\u00a0soutien ind\u00e9fectible\u00a0\u00bb irlandais.<\/p>\n<p>Grosse progression de la Russie sur le front<\/p>\n<p>Les Europ\u00e9ens esp\u00e8rent que l&rsquo;administration Trump, soup\u00e7onn\u00e9e de complaisance vis-\u00e0-vis de Vladimir Poutine, ne sacrifiera pas l\u2019Ukraine, consid\u00e9r\u00e9e comme un rempart face aux ambitions russes. Le pr\u00e9sident ukrainien a affirm\u00e9 lundi s\u2019attendre \u00e0 pr\u00e9sent \u00ab\u00a0\u00e0 une discussion avec le pr\u00e9sident des \u00c9tats-Unis sur des questions cl\u00e9s\u00a0\u00bb, apr\u00e8s que le n\u00e9gociateur ukrainien Roustem Oumerov a fait \u00e9tat de \u00ab\u00a0progr\u00e8s significatifs\u00a0\u00bb sur le projet de plan am\u00e9ricain, bien que des \u00ab\u00a0ajustements\u00a0\u00bb soient encore n\u00e9cessaires.<\/p>\n<p>Ces discussions se sont d\u00e9roul\u00e9es alors que les forces russes ont r\u00e9alis\u00e9 en novembre leur plus grosse progression sur le front en Ukraine depuis un an, selon l\u2019analyse par l\u2019AFP des donn\u00e9es fournies par l\u2019Institut am\u00e9ricain pour l\u2019\u00e9tude de la guerre (ISW), qui travaille avec le Critical Threats Project (CTP). En un mois, la Russie a pris 701\u00a0km\u00b2 aux Ukrainiens, la deuxi\u00e8me avanc\u00e9e la plus importante apr\u00e8s celle de novembre 2024 (725\u00a0km\u00b2), en dehors des premiers mois de guerre au printemps 2022.<\/p>\n<p><a href=\"https:\/\/www.sudouest.fr\/international\/europe\/ukraine\/guerre-en-ukraine-la-russie-annonce-avoir-repris-la-ville-cle-de-pokrovsk-26935352.php\" target=\"_blank\" rel=\"follow noopener\">La Russie a d\u2019ailleurs revendiqu\u00e9 lundi la prise de la ville de Pokrovsk<\/a> dans l\u2019est de l\u2019Ukraine, un n\u0153ud logistique cl\u00e9 pour les forces ukrainiennes, ainsi que celle de Vovtchansk, dans le nord-est. Volodymyr Zelensky a temp\u00e9r\u00e9 ces donn\u00e9es, relevant le caract\u00e8re mouvant des gains en situation de guerre.<\/p>\n<p>En interne, le pr\u00e9sident ukrainien fait face \u00e0 un vaste scandale de corruption \u00e9claboussant le gouvernement, ayant contraint son puissant chef de cabinet, Andri\u00ef Iermak, \u00e0 la d\u00e9mission vendredi. Sur ce plan, Emmanuel Macron s\u2019est refus\u00e9 \u00e0 \u00ab\u00a0donner des le\u00e7ons\u00a0\u00bb.<\/p>\n<p>Une semaine \u00ab\u00a0cruciale\u00a0\u00bb pour Kiev<\/p>\n<p>La semaine qui s\u2019ouvre s\u2019annonce \u00ab\u00a0cruciale\u00a0\u00bb pour l\u2019Ukraine, a estim\u00e9 la cheffe de la diplomatie de l&rsquo;Union europ\u00e9enne Kaja Kallas, qui dit \u00ab\u00a0craindre que toute la pression soit exerc\u00e9e sur le c\u00f4t\u00e9 le plus faible, car la reddition de l\u2019Ukraine, c\u2019est la mani\u00e8re la plus facile de mettre fin \u00e0 cette guerre\u00a0\u00bb.<\/p>\n<p>Les \u00c9tats-Unis ont pr\u00e9sent\u00e9 il y a dix jours un premier projet en 28 points tr\u00e8s favorable \u00e0 Moscou, r\u00e9dig\u00e9 sans les alli\u00e9s europ\u00e9ens de Kiev et cens\u00e9 mettre fin au conflit d\u00e9clench\u00e9 par l\u2019offensive russe contre l\u2019Ukraine en f\u00e9vrier 2022. Washington a ensuite amend\u00e9 ce projet avec Ukrainiens et Europ\u00e9ens, avant de le retravailler en bilat\u00e9ral avec les Ukrainiens dimanche en Floride.<\/p>\n","protected":false},"excerpt":{"rendered":"La veille, Washington s\u2019est dit \u00ab\u00a0tr\u00e8s optimiste\u00a0\u00bb malgr\u00e9 l\u2019intransigeance persistante du dirigeant russe, plus de trois ans apr\u00e8s&hellip;\n","protected":false},"author":2,"featured_media":572463,"comment_status":"","ping_status":"","sticky":false,"template":"","format":"standard","meta":{"footnotes":""},"categories":[1590],"tags":[11,1777,674,12,220],"class_list":{"0":"post-572462","1":"post","2":"type-post","3":"status-publish","4":"format-standard","5":"has-post-thumbnail","7":"category-ukraine","8":"tag-actualites","9":"tag-eu","10":"tag-europe","11":"tag-news","12":"tag-ukraine"},"share_on_mastodon":{"url":"https:\/\/pubeurope.com\/@fr\/115648357041047985","error":""},"_links":{"self":[{"href":"https:\/\/www.europesays.com\/fr\/wp-json\/wp\/v2\/posts\/572462","targetHints":{"allow":["GET"]}}],"collection":[{"href":"https:\/\/www.europesays.com\/fr\/wp-json\/wp\/v2\/posts"}],"about":[{"href":"https:\/\/www.europesays.com\/fr\/wp-json\/wp\/v2\/types\/post"}],"author":[{"embeddable":true,"href":"https:\/\/www.europesays.com\/fr\/wp-json\/wp\/v2\/users\/2"}],"replies":[{"embeddable":true,"href":"https:\/\/www.europesays.com\/fr\/wp-json\/wp\/v2\/comments?post=572462"}],"version-history":[{"count":0,"href":"https:\/\/www.europesays.com\/fr\/wp-json\/wp\/v2\/posts\/572462\/revisions"}],"wp:featuredmedia":[{"embeddable":true,"href":"https:\/\/www.europesays.com\/fr\/wp-json\/wp\/v2\/media\/572463"}],"wp:attachment":[{"href":"https:\/\/www.europesays.com\/fr\/wp-json\/wp\/v2\/media?parent=572462"}],"wp:term":[{"taxonomy":"category","embeddable":true,"href":"https:\/\/www.europesays.com\/fr\/wp-json\/wp\/v2\/categories?post=572462"},{"taxonomy":"post_tag","embeddable":true,"href":"https:\/\/www.europesays.com\/fr\/wp-json\/wp\/v2\/tags?post=572462"}],"curies":[{"name":"wp","href":"https:\/\/api.w.org\/{rel}","templated":true}]}}