{"id":572468,"date":"2025-12-02T05:39:20","date_gmt":"2025-12-02T05:39:20","guid":{"rendered":"https:\/\/www.europesays.com\/fr\/572468\/"},"modified":"2025-12-02T05:39:20","modified_gmt":"2025-12-02T05:39:20","slug":"decidement-lallemagne-ne-veut-pas-de-la-fin-des-voitures-neuves-non-electriques-en-2035-en-europe-la-lettre-du-chancelier-peut-elle-changer-la-donne","status":"publish","type":"post","link":"https:\/\/www.europesays.com\/fr\/572468\/","title":{"rendered":"D\u00e9cid\u00e9ment, l\u2019Allemagne ne veut pas de la fin des voitures neuves non \u00e9lectriques en 2035 en Europe. La lettre du chancelier peut-elle changer la donne ?"},"content":{"rendered":"<p>\n    L\u2019Allemagne relance la bataille autour de l\u2019\u00e9ch\u00e9ance 2035 d\u2019interdire la vente de v\u00e9hicules neufs non \u00e9lectriques au sein des pays membres de l\u2019Union europ\u00e9enne : son chancelier s\u2019appr\u00eate \u00e0 demander officiellement \u00e0 Bruxelles de revoir l\u2019interdiction des voitures neuves non \u00e9lectriques. Une initiative soutenue par l\u2019industrie automobile allemande, en qu\u00eate de comp\u00e9titivit\u00e9 face \u00e0 une conjoncture de plus en plus difficile.\n<\/p>\n<p>        <img decoding=\"async\" class=\"thumb-img-100 thumb-img\" src=\"https:\/\/www.europesays.com\/fr\/wp-content\/uploads\/2025\/12\/top-15-voitures-allemandes.jpg\" alt=\"Le chancelier allemand r\u00e9it\u00e8re sa volont\u00e9 de faire changer Bruxelles d'avis sur les modalit\u00e9s de 2035. \u00a9 automobile-magazine.fr\" width=\"580\" height=\"326\" loading=\"lazy\" role=\"presentation\"\/><\/p>\n<p>                    Le chancelier allemand r\u00e9it\u00e8re sa volont\u00e9 de faire changer Bruxelles d&rsquo;avis sur les modalit\u00e9s de 2035. \u00a9 automobile-magazine.fr<\/p>\n<p>        Le chancelier allemand jette l\u2019encre<\/p>\n<p class=\"editorial-p\">L\u2019Allemagne poursuit son offensive afin de faire plier Bruxelles sur la date butoir de 2035 actant la fin de la vente de v\u00e9hicules neufs non \u00e9lectriques au sein de l\u2019Union europ\u00e9enne. Premier porte-parole outre-Rhin de cette volont\u00e9 depuis des mois, <a href=\"https:\/\/www.automobile-magazine.fr\/toute-l-actualite\/article\/49401-realiste-ou-simplement-politique-le-chancelier-allemand-appelle-bruxelles-a-etre-plus-flexible-face-a-la-prochaine-interdiction-des-voitures-thermiques\" target=\"_self\" rel=\"noopener\">le chancelier allemand Friedrich Merz <\/a>qui vient d\u2019annoncer qu&rsquo;il allait demander vendredi dans un courrier officiel \u00e0 l&rsquo;Union europ\u00e9enne l<strong>a lev\u00e9e de l&rsquo;interdiction de vente des voitures non-\u00e9lectriques neuves pr\u00e9vue pour 2035<\/strong>, afin de soutenir l&rsquo;industrie automobile. Une missive au bon timing, apr\u00e8s que le vice-pr\u00e9sident de la Commission europ\u00e9enne St\u00e9phane S\u00e9journ\u00e9 eut laiss\u00e9 entendre ces derniers jours que l&rsquo;UE pourrait revoir l&rsquo;interdiction de la vente de v\u00e9hicules neufs \u00e0 moteurs thermiques en 2035.<\/p>\n<p>        <img decoding=\"async\" class=\"thumb-img-100 thumb-img\" src=\"https:\/\/www.europesays.com\/fr\/wp-content\/uploads\/2025\/12\/le-chancelier-allemand-friedrich-merz.jpg\" alt=\"Le chancelier allemand Friedrich Merz \u00a9 Yayimages\" width=\"580\" height=\"326\" loading=\"lazy\" role=\"presentation\"\/><\/p>\n<p>                    Le chancelier allemand Friedrich Merz \u00a9 Yayimages<\/p>\n<p>        Garder les moteurs thermiques \u00e0 tr\u00e8s haute efficacit\u00e9<\/p>\n<p class=\"editorial-p\"> Ainsi, \u00e0 l&rsquo;issue d&rsquo;une r\u00e9union de la coalition gouvernementale allemande, le chancelier a d\u00e9clar\u00e9 qu\u2019il enverra \u00ab\u00a0une lettre \u00e0 la pr\u00e9sidente de la Commission europ\u00e9enne\u00a0\u00bb Ursula von der Leyen, pour lui demander \u00ab\u00a0d&rsquo;ajuster et de corriger la r\u00e9glementation sur la mobilit\u00e9\u00a0\u00bb, pr\u00e9cisant : \u00ab\u00a0Je vais demander que la Commission autorise apr\u00e8s 2035 les v\u00e9hicules \u00e9lectriques mais aussi toujours les v\u00e9hicules \u00e0 propulsion hybride rechargeables\u00a0\u00bb, a-t-il dit, avant de r\u00e9clamer aussi <strong>\u00ab\u00a0l&rsquo;homologation de moteurs thermiques \u00e0 tr\u00e8s haute efficacit\u00e9\u00a0\u00bb et des prolongateurs d&rsquo;autonomie.<\/strong><\/p>\n<p>        Rester comp\u00e9titif et pr\u00e9server l\u2019emploi<\/p>\n<p class=\"editorial-p\">Un courrier dans lequel l\u2019homme fort de l\u2019Allemagne, <a href=\"https:\/\/www.automobile-magazine.fr\/economie-politique\/article\/49681-2035-lallemagne-dit-non-a-la-fin-des-voitures-thermiques\" target=\"_self\" rel=\"noopener\">soutenu notamment par l&rsquo;industrie automobile allemande<\/a>, entend faire comprendre \u00e0 Ursula von der Leyen<strong> la correspondance entre les objectifs climatiques de r\u00e9duction des \u00e9missions, \u00ab\u00a0la comp\u00e9titivit\u00e9 de l&rsquo;industrie automobile europ\u00e9enne\u00a0\u00bb et la pr\u00e9servation de l&#8217;emploi<\/strong>. L&rsquo;\u00e9conomie allemande qui traverse une crise \u00e9conomique profonde, est notamment min\u00e9e dans le secteur automobile par le co\u00fbt de l&rsquo;\u00e9nergie, la concurrence chinoise (dont les prix des voitures \u00e9lectriques de certains constructeurs sont nettement plus bas) et les nouvelles taxes douani\u00e8res des Etats-Unis. <\/p>\n<p>                <img loading=\"lazy\" decoding=\"async\" src=\"https:\/\/www.europesays.com\/fr\/wp-content\/uploads\/2025\/12\/241425.jpeg\" class=\"author-article-picture\" width=\"35\" height=\"35\"\/><\/p>\n<p>                                            <a class=\"author-article-bio-link\" href=\"https:\/\/www.automobile-magazine.fr\/nos-journalistes\/25321-laurent-lepsch\" target=\"_blank\" rel=\"noopener\">Laurent Lepsch<\/a><\/p>\n<p>                                            R\u00e9dacteur en chef adjoint au digital<\/p>\n<p>\n                Journaliste automobile digital depuis de nombreuses ann\u00e9es, j&rsquo;ai aussi un go\u00fbt prononc\u00e9 pour les sports m\u00e9caniques.\n            <\/p>\n<p>Retrouvez la suite du contenu apr\u00e8s cette annonce<\/p>\n","protected":false},"excerpt":{"rendered":"L\u2019Allemagne relance la bataille autour de l\u2019\u00e9ch\u00e9ance 2035 d\u2019interdire la vente de v\u00e9hicules neufs non \u00e9lectriques au sein&hellip;\n","protected":false},"author":2,"featured_media":572469,"comment_status":"","ping_status":"","sticky":false,"template":"","format":"standard","meta":{"footnotes":""},"categories":[1587],"tags":[11,672,1804,1805,1803,1777,674,1801,12,1802],"class_list":{"0":"post-572468","1":"post","2":"type-post","3":"status-publish","4":"format-standard","5":"has-post-thumbnail","7":"category-allemagne","8":"tag-actualites","9":"tag-allemagne","10":"tag-bundesrepublik-deutschland","11":"tag-de","12":"tag-deutschland","13":"tag-eu","14":"tag-europe","15":"tag-germany","16":"tag-news","17":"tag-republique-federale-dallemagne"},"share_on_mastodon":{"url":"https:\/\/pubeurope.com\/@fr\/115648369522748278","error":""},"_links":{"self":[{"href":"https:\/\/www.europesays.com\/fr\/wp-json\/wp\/v2\/posts\/572468","targetHints":{"allow":["GET"]}}],"collection":[{"href":"https:\/\/www.europesays.com\/fr\/wp-json\/wp\/v2\/posts"}],"about":[{"href":"https:\/\/www.europesays.com\/fr\/wp-json\/wp\/v2\/types\/post"}],"author":[{"embeddable":true,"href":"https:\/\/www.europesays.com\/fr\/wp-json\/wp\/v2\/users\/2"}],"replies":[{"embeddable":true,"href":"https:\/\/www.europesays.com\/fr\/wp-json\/wp\/v2\/comments?post=572468"}],"version-history":[{"count":0,"href":"https:\/\/www.europesays.com\/fr\/wp-json\/wp\/v2\/posts\/572468\/revisions"}],"wp:featuredmedia":[{"embeddable":true,"href":"https:\/\/www.europesays.com\/fr\/wp-json\/wp\/v2\/media\/572469"}],"wp:attachment":[{"href":"https:\/\/www.europesays.com\/fr\/wp-json\/wp\/v2\/media?parent=572468"}],"wp:term":[{"taxonomy":"category","embeddable":true,"href":"https:\/\/www.europesays.com\/fr\/wp-json\/wp\/v2\/categories?post=572468"},{"taxonomy":"post_tag","embeddable":true,"href":"https:\/\/www.europesays.com\/fr\/wp-json\/wp\/v2\/tags?post=572468"}],"curies":[{"name":"wp","href":"https:\/\/api.w.org\/{rel}","templated":true}]}}