{"id":572472,"date":"2025-12-02T05:41:13","date_gmt":"2025-12-02T05:41:13","guid":{"rendered":"https:\/\/www.europesays.com\/fr\/572472\/"},"modified":"2025-12-02T05:41:13","modified_gmt":"2025-12-02T05:41:13","slug":"lunion-europeenne-est-une-garantie-pour-nos-emplois","status":"publish","type":"post","link":"https:\/\/www.europesays.com\/fr\/572472\/","title":{"rendered":"L\u2019Union europ\u00e9enne est une garantie pour nos emplois"},"content":{"rendered":"<p class=\"paragraph-1-base\">M. Kolly refuse la fixation d\u2019un salaire minimum dans la loi (qui a \u00e9t\u00e9 rejet\u00e9 par la majorit\u00e9 des votants fribourgeois ce dimanche dans les urnes, ndlr). On demeure, par contre, plus que sceptique quant \u00e0 sa solution. Selon lui, si l\u2019on veut am\u00e9liorer le sort des travailleurs, il faut refuser les futures Bilat\u00e9rales III avec l\u2019Union europ\u00e9enne. En les acceptant, le march\u00e9 suisse de l\u2019emploi serait soumis \u00e0 une concurrence d\u00e9mesur\u00e9e, laissant de tr\u00e8s nombreux travailleurs sans emploi.<\/p>\n<p class=\"paragraph-1-base\">M. Nicolas Kolly a-t-il oubli\u00e9 que les syndicats apportent leur appui \u00e0 ces bilat\u00e9rales, car ils ont obtenu des garanties assurant les emplois et leurs salaires? Les travailleurs seront ainsi bien prot\u00e9g\u00e9s. Sans ces accords, ces garanties pourraient m\u00eame dispara\u00eetre. Et l\u2019Union europ\u00e9enne absorbe plus de 50% des exportations suisses.<\/p>\n<p class=\"paragraph-1-base after:text-primary after:heading-2-xl after:relative after:top-[2px] after:pl-1 after:!leading-[18px] after:text-primary-300 after:content-[&quot;\u00bb&quot;] dark:after:text-primary-300\">On sait que pour l\u2019Union d\u00e9mocratique du centre (UDC), les accords avec l\u2019Union europ\u00e9enne sont \u00e0 l\u2019origine de tous les maux de la Suisse. Signer ces accords implique des avantages et des inconv\u00e9nients. En d\u00e9battre exige une honn\u00eatet\u00e9 intellectuelle dans les \u00e9changes. On ne peut pas dire n\u2019importe quoi. J\u2019invite M. Nicolas Kolly \u00e0 lire attentivement la position des syndicats.<\/p>\n","protected":false},"excerpt":{"rendered":"M. Kolly refuse la fixation d\u2019un salaire minimum dans la loi (qui a \u00e9t\u00e9 rejet\u00e9 par la majorit\u00e9&hellip;\n","protected":false},"author":2,"featured_media":572473,"comment_status":"","ping_status":"","sticky":false,"template":"","format":"standard","meta":{"footnotes":""},"categories":[1586],"tags":[11,327,2303,1777,674,1779,21821,1011,27,12,68713,25,2021,11254,3067,30924,1778,364],"class_list":{"0":"post-572472","1":"post","2":"type-post","3":"status-publish","4":"format-standard","5":"has-post-thumbnail","7":"category-europe","8":"tag-actualites","9":"tag-agriculture","10":"tag-emplois","11":"tag-eu","12":"tag-europe","13":"tag-european-union","14":"tag-exportations","15":"tag-fr","16":"tag-france","17":"tag-news","18":"tag-nicolas-kolly","19":"tag-republique-francaise","20":"tag-restauration","21":"tag-salaires","22":"tag-suisse","23":"tag-udc","24":"tag-ue","25":"tag-union-europeenne"},"share_on_mastodon":{"url":"https:\/\/pubeurope.com\/@fr\/115648376683794944","error":""},"_links":{"self":[{"href":"https:\/\/www.europesays.com\/fr\/wp-json\/wp\/v2\/posts\/572472","targetHints":{"allow":["GET"]}}],"collection":[{"href":"https:\/\/www.europesays.com\/fr\/wp-json\/wp\/v2\/posts"}],"about":[{"href":"https:\/\/www.europesays.com\/fr\/wp-json\/wp\/v2\/types\/post"}],"author":[{"embeddable":true,"href":"https:\/\/www.europesays.com\/fr\/wp-json\/wp\/v2\/users\/2"}],"replies":[{"embeddable":true,"href":"https:\/\/www.europesays.com\/fr\/wp-json\/wp\/v2\/comments?post=572472"}],"version-history":[{"count":0,"href":"https:\/\/www.europesays.com\/fr\/wp-json\/wp\/v2\/posts\/572472\/revisions"}],"wp:featuredmedia":[{"embeddable":true,"href":"https:\/\/www.europesays.com\/fr\/wp-json\/wp\/v2\/media\/572473"}],"wp:attachment":[{"href":"https:\/\/www.europesays.com\/fr\/wp-json\/wp\/v2\/media?parent=572472"}],"wp:term":[{"taxonomy":"category","embeddable":true,"href":"https:\/\/www.europesays.com\/fr\/wp-json\/wp\/v2\/categories?post=572472"},{"taxonomy":"post_tag","embeddable":true,"href":"https:\/\/www.europesays.com\/fr\/wp-json\/wp\/v2\/tags?post=572472"}],"curies":[{"name":"wp","href":"https:\/\/api.w.org\/{rel}","templated":true}]}}